{"id":998,"date":"2015-08-23T22:25:23","date_gmt":"2015-08-23T21:25:23","guid":{"rendered":"http:\/\/democraciaactiva.eu\/?p=998"},"modified":"2015-08-23T22:25:23","modified_gmt":"2015-08-23T21:25:23","slug":"exigen-la-publicacion-de-los-perfiles-profesionales-de-los-gobernantes","status":"publish","type":"post","link":"https:\/\/democraciaactiva.eu\/?p=998","title":{"rendered":"Exigen la publicaci\u00f3n de los perfiles profesionales de los gobernantes."},"content":{"rendered":"<p style=\"text-align: justify;\">La Asociaci\u00f3n Defensa Ciudadana Activa ha solicitado la publicaci\u00f3n de los datos exigidos por la Ley de Transparencia que, adem\u00e1s de las declaraciones anuales de bienes e intereses de los cargos electos, <strong>obligan a la publicaci\u00f3n del perfil y trayectoria profesional de los responsables<\/strong> de los distintos \u00f3rganos.<\/p>\n<p style=\"text-align: justify;\">\u00abL\u00f3gicamente, los ediles responsables de las distintas \u00e1reas son los principales responsables, ya que se les delega la competencia para dirigir esos servicios y reciben una retribuci\u00f3n econ\u00f3mica de nuestros impuestos por ello. Por tanto, <strong>es l\u00f3gico que publiquen su perfil y trayectoria profesional, de modo que los ciudadanos puedan confiar en su experiencia, comprueben que pagan sus n\u00f3minas por su cualificaci\u00f3n y experiencia, y sirvan de ejemplo a las nuevas generaciones de c\u00f3mo se llega a representar a los ciudadanos gestionando lo p\u00fablico.<\/strong>\u00ab, informaron.<\/p>\n<p style=\"text-align: justify;\">DCA ha solicitado la publicaci\u00f3n de esta informaci\u00f3n, de momento, a los Ayuntamientos de San Roque (C\u00e1diz) y Espartinas (Sevilla), debido a que \u00abhan sido dos Ayuntamientos que han destacado por su pol\u00edtica de transparencia cero y, de momento, <strong>no han dado muestras de que vayan a facilitar el derecho a la participaci\u00f3n ciudadana, por lo que deberemos insistir<\/strong> hasta que respeten a todos los ciudadanos por igual.\u00bb, denunciaron.<\/p>\n<p style=\"text-align: justify;\">La Ley de Transparencia, adem\u00e1s de las obligaciones de publicidad activa establece un procedimiento sancionador para los incumplimientos, por lo que pasado un tiempo prudencial, DCA elevar\u00eda la posible infracci\u00f3n a los \u00f3rganos competentes. \u00ab<strong>No pedimos favores, exigimos derechos<\/strong>, aunque para algunos gobernantes les suene extra\u00f1o cuando confunden\u00a0las instituciones p\u00fablicas con su cortijo privado.\u00bb, finalizaron.<\/p>\n<p style=\"text-align: justify;\"><a href=\"https:\/\/democraciaactiva.eu\/wp-content\/uploads\/2015\/08\/Curriculum.jpg\"><img decoding=\"async\" loading=\"lazy\" class=\"aligncenter size-medium wp-image-999\" src=\"https:\/\/democraciaactiva.eu\/wp-content\/uploads\/2015\/08\/Curriculum-300x237.jpg\" alt=\"Curriculum\" width=\"300\" height=\"237\" \/><\/a><\/p>\n","protected":false},"excerpt":{"rendered":"<div class=\"mh-excerpt\"><p>La Asociaci\u00f3n Defensa Ciudadana Activa ha solicitado la publicaci\u00f3n de los datos exigidos por la Ley de Transparencia que, adem\u00e1s de las declaraciones anuales de <a class=\"mh-excerpt-more\" href=\"https:\/\/democraciaactiva.eu\/?p=998\" title=\"Exigen la publicaci\u00f3n de los perfiles profesionales de los gobernantes.\">[&#8230;]<\/a><\/p>\n<\/div>","protected":false},"author":1,"featured_media":0,"comment_status":"closed","ping_status":"open","sticky":false,"template":"","format":"standard","meta":[],"categories":[5,8],"tags":[],"_links":{"self":[{"href":"https:\/\/democraciaactiva.eu\/index.php?rest_route=\/wp\/v2\/posts\/998"}],"collection":[{"href":"https:\/\/democraciaactiva.eu\/index.php?rest_route=\/wp\/v2\/posts"}],"about":[{"href":"https:\/\/democraciaactiva.eu\/index.php?rest_route=\/wp\/v2\/types\/post"}],"author":[{"embeddable":true,"href":"https:\/\/democraciaactiva.eu\/index.php?rest_route=\/wp\/v2\/users\/1"}],"replies":[{"embeddable":true,"href":"https:\/\/democraciaactiva.eu\/index.php?rest_route=%2Fwp%2Fv2%2Fcomments&post=998"}],"version-history":[{"count":0,"href":"https:\/\/democraciaactiva.eu\/index.php?rest_route=\/wp\/v2\/posts\/998\/revisions"}],"wp:attachment":[{"href":"https:\/\/democraciaactiva.eu\/index.php?rest_route=%2Fwp%2Fv2%2Fmedia&parent=998"}],"wp:term":[{"taxonomy":"category","embeddable":true,"href":"https:\/\/democraciaactiva.eu\/index.php?rest_route=%2Fwp%2Fv2%2Fcategories&post=998"},{"taxonomy":"post_tag","embeddable":true,"href":"https:\/\/democraciaactiva.eu\/index.php?rest_route=%2Fwp%2Fv2%2Ftags&post=998"}],"curies":[{"name":"wp","href":"https:\/\/api.w.org\/{rel}","templated":true}]}}