{"id":991,"date":"2015-08-15T12:22:10","date_gmt":"2015-08-15T11:22:10","guid":{"rendered":"http:\/\/democraciaactiva.eu\/?p=991"},"modified":"2015-08-15T12:22:10","modified_gmt":"2015-08-15T11:22:10","slug":"cerrada-la-jornada-de-formacion-en-la-bahia-de-cadiz","status":"publish","type":"post","link":"https:\/\/democraciaactiva.eu\/?p=991","title":{"rendered":"Cerrada la jornada de formaci\u00f3n en la Bah\u00eda de C\u00e1diz"},"content":{"rendered":"<p>Desde Defensa Ciudadana Activa venimos<strong> apostando por la informaci\u00f3n y formaci\u00f3n a ciudadanos y colectivos<\/strong> para un mejor ejercicio de sus derechos. Por ello, colaboramos activamente con la ciudadan\u00eda implicada en movimientos sociales para optimizar su actividad frente a la administraci\u00f3n.<\/p>\n<p>La semana pr\u00f3xima tendr\u00e1 lugar la primera jornada de formaci\u00f3n a activistas de la zona de C\u00e1diz, que aunque algo condensada por meter en unas horas la experiencia acumulada, esperamos aporte a los asistentes nuevas herramientas y sobre todo \u00e1nimo para seguir en su importante labor.<\/p>\n<p>Los restantes destinos solicitados quedan pendientes de confirmaci\u00f3n de los asistentes, y esperamos tener para el mes pr\u00f3ximo un manual te\u00f3rico\/pr\u00e1ctico disponible para su difusi\u00f3n entre los interesados.<\/p>\n<p><a href=\"https:\/\/democraciaactiva.eu\/wp-content\/uploads\/2015\/08\/Jornada.jpg\"><img decoding=\"async\" loading=\"lazy\" class=\"aligncenter size-medium wp-image-992\" src=\"https:\/\/democraciaactiva.eu\/wp-content\/uploads\/2015\/08\/Jornada-212x300.jpg\" alt=\"Jornada\" width=\"212\" height=\"300\" \/><\/a> <\/p>\n","protected":false},"excerpt":{"rendered":"<div class=\"mh-excerpt\"><p>Desde Defensa Ciudadana Activa venimos apostando por la informaci\u00f3n y formaci\u00f3n a ciudadanos y colectivos para un mejor ejercicio de sus derechos. Por ello, colaboramos <a class=\"mh-excerpt-more\" href=\"https:\/\/democraciaactiva.eu\/?p=991\" title=\"Cerrada la jornada de formaci\u00f3n en la Bah\u00eda de C\u00e1diz\">[&#8230;]<\/a><\/p>\n<\/div>","protected":false},"author":1,"featured_media":0,"comment_status":"closed","ping_status":"open","sticky":false,"template":"","format":"standard","meta":[],"categories":[6,8,12],"tags":[],"_links":{"self":[{"href":"https:\/\/democraciaactiva.eu\/index.php?rest_route=\/wp\/v2\/posts\/991"}],"collection":[{"href":"https:\/\/democraciaactiva.eu\/index.php?rest_route=\/wp\/v2\/posts"}],"about":[{"href":"https:\/\/democraciaactiva.eu\/index.php?rest_route=\/wp\/v2\/types\/post"}],"author":[{"embeddable":true,"href":"https:\/\/democraciaactiva.eu\/index.php?rest_route=\/wp\/v2\/users\/1"}],"replies":[{"embeddable":true,"href":"https:\/\/democraciaactiva.eu\/index.php?rest_route=%2Fwp%2Fv2%2Fcomments&post=991"}],"version-history":[{"count":0,"href":"https:\/\/democraciaactiva.eu\/index.php?rest_route=\/wp\/v2\/posts\/991\/revisions"}],"wp:attachment":[{"href":"https:\/\/democraciaactiva.eu\/index.php?rest_route=%2Fwp%2Fv2%2Fmedia&parent=991"}],"wp:term":[{"taxonomy":"category","embeddable":true,"href":"https:\/\/democraciaactiva.eu\/index.php?rest_route=%2Fwp%2Fv2%2Fcategories&post=991"},{"taxonomy":"post_tag","embeddable":true,"href":"https:\/\/democraciaactiva.eu\/index.php?rest_route=%2Fwp%2Fv2%2Ftags&post=991"}],"curies":[{"name":"wp","href":"https:\/\/api.w.org\/{rel}","templated":true}]}}