{"id":988,"date":"2015-08-14T20:20:23","date_gmt":"2015-08-14T19:20:23","guid":{"rendered":"http:\/\/democraciaactiva.eu\/?p=988"},"modified":"2015-08-14T20:20:23","modified_gmt":"2015-08-14T19:20:23","slug":"dca-pide-al-ayuntamiento-que-se-pronuncie-sobre-las-atracciones-con-animales","status":"publish","type":"post","link":"https:\/\/democraciaactiva.eu\/?p=988","title":{"rendered":"DCA pide al Ayuntamiento que se pronuncie sobre las atracciones con animales."},"content":{"rendered":"<p>Debido a la pol\u00e9mica sobre el uso de animales en atracciones de Feria, la Asociaci\u00f3n Defensa Ciudadana Activa ha solicitado informaci\u00f3n al Ayuntamiento de San Roque sobre las condiciones en las que se otorgan estas licencias.<\/p>\n<p>La Ordenanza Municipal de protecci\u00f3n, tenencia y circulaci\u00f3n de animales proh\u00edbe ciertas situaciones, y muchos ciudadanos entienden que este tipo de atracciones la incumple. No obstante, desde DCA se espera sea la administraci\u00f3n local la que se pronuncie.<\/p>\n<p>Adem\u00e1s de ello, se ha pedido al Ayuntamiento de San Roque que manifieste sus intenciones en relaci\u00f3n a estas actividades, que han sido prohibidas en municipios cercanos. \u00abLos vecinos reclaman una postura clara. Hay quienes consideran que no deben utilizarse, y l\u00f3gicamente los que se lucran con ellos quieren seguir utiliz\u00e1ndolos, por lo que <strong>la administraci\u00f3n debe dejar clara su postura. O los proh\u00edbe o los apoya. Los ciudadanos tienen derecho a saber la postura de sus gobernantes<\/strong>.\u00bb, indicaron.<\/p>\n<p>DCA hab\u00eda recibido estos d\u00edas numerosas consultas sobre la legalidad de esta situaci\u00f3n, que muchos consideran maltrato animal. \u00abEntendemos que es legal si los gobernantes as\u00ed lo quieren, pero tambi\u00e9n podr\u00edan decidir prohibirlo como han hecho algunos municipios vecinos, por lo que debemos insistir en que se pronuncien claramente.\u00bb, finalizaron.<a href=\"https:\/\/democraciaactiva.eu\/wp-content\/uploads\/2015\/08\/S15448.jpg\"><img decoding=\"async\" loading=\"lazy\" class=\"aligncenter size-medium wp-image-989\" src=\"https:\/\/democraciaactiva.eu\/wp-content\/uploads\/2015\/08\/S15448-212x300.jpg\" alt=\"S15448\" width=\"212\" height=\"300\" \/><\/a> <\/p>\n","protected":false},"excerpt":{"rendered":"<div class=\"mh-excerpt\"><p>Debido a la pol\u00e9mica sobre el uso de animales en atracciones de Feria, la Asociaci\u00f3n Defensa Ciudadana Activa ha solicitado informaci\u00f3n al Ayuntamiento de San <a class=\"mh-excerpt-more\" href=\"https:\/\/democraciaactiva.eu\/?p=988\" title=\"DCA pide al Ayuntamiento que se pronuncie sobre las atracciones con animales.\">[&#8230;]<\/a><\/p>\n<\/div>","protected":false},"author":1,"featured_media":0,"comment_status":"closed","ping_status":"open","sticky":false,"template":"","format":"standard","meta":[],"categories":[12,14],"tags":[],"_links":{"self":[{"href":"https:\/\/democraciaactiva.eu\/index.php?rest_route=\/wp\/v2\/posts\/988"}],"collection":[{"href":"https:\/\/democraciaactiva.eu\/index.php?rest_route=\/wp\/v2\/posts"}],"about":[{"href":"https:\/\/democraciaactiva.eu\/index.php?rest_route=\/wp\/v2\/types\/post"}],"author":[{"embeddable":true,"href":"https:\/\/democraciaactiva.eu\/index.php?rest_route=\/wp\/v2\/users\/1"}],"replies":[{"embeddable":true,"href":"https:\/\/democraciaactiva.eu\/index.php?rest_route=%2Fwp%2Fv2%2Fcomments&post=988"}],"version-history":[{"count":0,"href":"https:\/\/democraciaactiva.eu\/index.php?rest_route=\/wp\/v2\/posts\/988\/revisions"}],"wp:attachment":[{"href":"https:\/\/democraciaactiva.eu\/index.php?rest_route=%2Fwp%2Fv2%2Fmedia&parent=988"}],"wp:term":[{"taxonomy":"category","embeddable":true,"href":"https:\/\/democraciaactiva.eu\/index.php?rest_route=%2Fwp%2Fv2%2Fcategories&post=988"},{"taxonomy":"post_tag","embeddable":true,"href":"https:\/\/democraciaactiva.eu\/index.php?rest_route=%2Fwp%2Fv2%2Ftags&post=988"}],"curies":[{"name":"wp","href":"https:\/\/api.w.org\/{rel}","templated":true}]}}