{"id":983,"date":"2015-08-13T11:40:30","date_gmt":"2015-08-13T10:40:30","guid":{"rendered":"http:\/\/democraciaactiva.eu\/?p=983"},"modified":"2015-08-13T11:40:30","modified_gmt":"2015-08-13T10:40:30","slug":"dca-pide-a-ramos-datos-sobre-su-delegacion","status":"publish","type":"post","link":"https:\/\/democraciaactiva.eu\/?p=983","title":{"rendered":"DCA pide a Ramos datos sobre su Delegaci\u00f3n"},"content":{"rendered":"<p>Tras conocer las declaraciones del Edil de Participaci\u00f3n Ciudadana, Jos\u00e9 David Ramos, que desconoc\u00eda las peticiones realizadas por la Asociaci\u00f3n Defensa Ciudadana Activa al Ayuntamiento de San Roque, este colectivo ha decidido consultarle sobre las caracter\u00edsticas de su servicio.<\/p>\n<p>\u201cNo entendemos que <strong>meses despu\u00e9s de acceder al cargo a\u00fan no tenga ninguna noticia de nuestras peticiones<\/strong>, m\u00e1xime cuando algunas pasan el a\u00f1o de antig\u00fcedad. Igualmente <strong>hay ciudadanos que llevan esperando respuesta a\u00f1os, por lo que en alg\u00fan caj\u00f3n deber\u00edan estar<\/strong>.\u201d, informaron.<\/p>\n<p>Por ello DCA ha remitido un escrito directamente al Edil solicit\u00e1ndole datos estad\u00edsticos sobre el n\u00famero de peticiones tramitadas por la <strong>Oficina Municipal de Informaci\u00f3n al Ciudadano<\/strong>, medios materiales y humanos asignados a este servicio, as\u00ed como protocolos que sigue para la tramitaci\u00f3n de las solicitudes. En su escrito DCA hace referencia al articulado de la <strong>Ordenanza Municipal de Participaci\u00f3n Ciudadana<\/strong> que la regula.<\/p>\n<p>As\u00ed mismo, DCA ha incidido en el <strong>listado de procedimientos que todas las administraciones deben publicar y mantener actualizada a disposici\u00f3n de los ciudadanos.<\/strong> \u201cEste listado es una forma simple de conocer a qu\u00e9 ritmo se desarrolla el trabajo de una administraci\u00f3n, y sobre todo si por cualquier incidencia algunos expedientes pueden haberse quedado atrasados. No creemos que el Edil responsable tenga problema en encontrar los datos solicitados, por lo que su respuesta no deber\u00eda precisar del procedimiento extraordinario regulado en el art. 20 de la Ordenanza Municipal de Participaci\u00f3n Ciudadana.\u201d, recordaron.<\/p>\n<p>Con esta informaci\u00f3n la Asociaci\u00f3n ciudadana entiende que se despejar\u00e1n las dudas que puedan llevar a cualquiera a pensar que el servicio se encuentra abandonado. \u201cHasta ahora s\u00f3lo hemos sabido del Concejal de Participaci\u00f3n Ciudadana que se hace muchas fotos y toma muchos caf\u00e9s, pero parece tener la mesa m\u00e1s limpia de San Roque, por lo que debemos insistir en conocer el destino que han dado a nuestras peticiones y <strong>si realmente se va a trabajar desde Participaci\u00f3n Ciudadana por responder a los vecinos o el cometido de la Delegaci\u00f3n se centra en caf\u00e9s y sesiones de fotos<\/strong>.\u201d, criticaron.<a href=\"https:\/\/democraciaactiva.eu\/wp-content\/uploads\/2015\/08\/S15447.jpg\"><img decoding=\"async\" loading=\"lazy\" class=\"aligncenter size-medium wp-image-984\" src=\"https:\/\/democraciaactiva.eu\/wp-content\/uploads\/2015\/08\/S15447-214x300.jpg\" alt=\"S15447\" width=\"214\" height=\"300\" \/><\/a> <\/p>\n","protected":false},"excerpt":{"rendered":"<div class=\"mh-excerpt\"><p>Tras conocer las declaraciones del Edil de Participaci\u00f3n Ciudadana, Jos\u00e9 David Ramos, que desconoc\u00eda las peticiones realizadas por la Asociaci\u00f3n Defensa Ciudadana Activa al Ayuntamiento <a class=\"mh-excerpt-more\" href=\"https:\/\/democraciaactiva.eu\/?p=983\" title=\"DCA pide a Ramos datos sobre su Delegaci\u00f3n\">[&#8230;]<\/a><\/p>\n<\/div>","protected":false},"author":1,"featured_media":0,"comment_status":"closed","ping_status":"open","sticky":false,"template":"","format":"standard","meta":[],"categories":[5,8],"tags":[],"_links":{"self":[{"href":"https:\/\/democraciaactiva.eu\/index.php?rest_route=\/wp\/v2\/posts\/983"}],"collection":[{"href":"https:\/\/democraciaactiva.eu\/index.php?rest_route=\/wp\/v2\/posts"}],"about":[{"href":"https:\/\/democraciaactiva.eu\/index.php?rest_route=\/wp\/v2\/types\/post"}],"author":[{"embeddable":true,"href":"https:\/\/democraciaactiva.eu\/index.php?rest_route=\/wp\/v2\/users\/1"}],"replies":[{"embeddable":true,"href":"https:\/\/democraciaactiva.eu\/index.php?rest_route=%2Fwp%2Fv2%2Fcomments&post=983"}],"version-history":[{"count":0,"href":"https:\/\/democraciaactiva.eu\/index.php?rest_route=\/wp\/v2\/posts\/983\/revisions"}],"wp:attachment":[{"href":"https:\/\/democraciaactiva.eu\/index.php?rest_route=%2Fwp%2Fv2%2Fmedia&parent=983"}],"wp:term":[{"taxonomy":"category","embeddable":true,"href":"https:\/\/democraciaactiva.eu\/index.php?rest_route=%2Fwp%2Fv2%2Fcategories&post=983"},{"taxonomy":"post_tag","embeddable":true,"href":"https:\/\/democraciaactiva.eu\/index.php?rest_route=%2Fwp%2Fv2%2Ftags&post=983"}],"curies":[{"name":"wp","href":"https:\/\/api.w.org\/{rel}","templated":true}]}}