{"id":98,"date":"2014-03-18T05:52:00","date_gmt":"2014-03-18T04:52:00","guid":{"rendered":"http:\/\/democraciaactiva.eu\/?p=98"},"modified":"2014-03-18T05:52:00","modified_gmt":"2014-03-18T04:52:00","slug":"el-defensor-del-pueblo-inicia-actuaciones-por-el-c-c-la-polvora","status":"publish","type":"post","link":"https:\/\/democraciaactiva.eu\/?p=98","title":{"rendered":"El Defensor del Pueblo inicia actuaciones por la falta de respuestas sobre el C.C. La P\u00f3lvora"},"content":{"rendered":"<p>Tras insistir durante meses al Ayuntamiento de San Roque sin obtener respuesta alguna, DCA inici\u00f3 expediente de queja por los claros incumplimientos de la normativa local, informando al Defensor del Pueblo de la situaci\u00f3n.<\/p>\n<p>El pasado mes de febrero, tras analizar el caso, este \u00f3rgano Constitucional respondi\u00f3 a la Asociaci\u00f3n iniciando las actuaciones correspondientes ante la entidad local al objeto de exigir respuestas del mismo.<br \/>\nCabe recordar que San Roque, adem\u00e1s del plazo m\u00e1ximo legal de respuesta de las administraciones p\u00fablicas de 3 meses, dispone de una Ordenanza de Participaci\u00f3n Ciudadana que acorta el tiempo de respuesta a un mes.<\/p>\n<p>\u00abSin embargo, las ordenanzas municipales parecen servir s\u00f3lo para presumir de transparencia en los medios, ya que se ha detectado una negativa sistem\u00e1tica a dar respuesta a las peticiones ciudadanas por escrito, como en el caso de este expediente que acumula ya seis meses de espera.\u00bb, denunciaron.<\/p>\n<p>Desde Defensa Ciudadana Activa consideran \u00abpoco \u00fatil la actitud de los responsables que siempre pretenden llevar a los ciudadanos \u00abal cuarto oscuro\u00bb donde soltarles verbalmente cualquier excusa sin que quede constancia alguna de lo ocurrido. En una administraci\u00f3n p\u00fablica se debe exigir transparencia y seriedad en la gesti\u00f3n, no un funcionamiento m\u00e1s propio de patio de colegio donde los ciudadanos tengan que perder horas de trabajo en peregrinaci\u00f3n para ver al pol\u00edtico de turno para que \u00e9ste les d\u00e9 unas palmaditas.\u00bb<\/p>\n<p>Para el colectivo ciudadano, \u00abla obsesi\u00f3n porque los vecinos tengan que peregrinar de despacho en despacho para ver la sonrisa del pol\u00edtico de turno es un acto publicitario in\u00fatil para el ciudadano al que hay que dar soluciones y contestarles por escrito, del mismo modo que se le exige. \u00bb<\/p>\n<p>DCA destac\u00f3 que el expediente sobre la situaci\u00f3n del C.C. La P\u00f3lvora, que desde el pasado verano cuenta con informes de la Polic\u00eda Local sobre plagas de pulgas y roedores,\u00a0 es s\u00f3lo uno de los expedientes abiertos por falta de respuesta sistem\u00e1tica de la entidad local. S\u00f3lo el Ayuntamiento de San Roque acumula m\u00e1s de una docena de peticiones sin respuesta en plazo que ya tienen asignado expediente por la oficina del Defensor del Pueblo, por lo que los ciudadanos piden a los representantes p\u00fablicos que \u00abcomiencen a hacer su trabajo y den respuesta a las peticiones ciudadanas como es su obligaci\u00f3n.\u00bb, finalizaron.<a href=\"https:\/\/democraciaactiva.eu\/wp-content\/uploads\/2014\/03\/E14067.jpg\"><img decoding=\"async\" loading=\"lazy\" class=\"aligncenter size-medium wp-image-99\" alt=\"E14067\" src=\"https:\/\/democraciaactiva.eu\/wp-content\/uploads\/2014\/03\/E14067-212x300.jpg\" width=\"212\" height=\"300\" \/><\/a> <\/p>\n","protected":false},"excerpt":{"rendered":"<div class=\"mh-excerpt\"><p>Tras insistir durante meses al Ayuntamiento de San Roque sin obtener respuesta alguna, DCA inici\u00f3 expediente de queja por los claros incumplimientos de la normativa <a class=\"mh-excerpt-more\" href=\"https:\/\/democraciaactiva.eu\/?p=98\" title=\"El Defensor del Pueblo inicia actuaciones por la falta de respuestas sobre el C.C. La P\u00f3lvora\">[&#8230;]<\/a><\/p>\n<\/div>","protected":false},"author":1,"featured_media":0,"comment_status":"open","ping_status":"open","sticky":false,"template":"","format":"standard","meta":[],"categories":[12],"tags":[],"_links":{"self":[{"href":"https:\/\/democraciaactiva.eu\/index.php?rest_route=\/wp\/v2\/posts\/98"}],"collection":[{"href":"https:\/\/democraciaactiva.eu\/index.php?rest_route=\/wp\/v2\/posts"}],"about":[{"href":"https:\/\/democraciaactiva.eu\/index.php?rest_route=\/wp\/v2\/types\/post"}],"author":[{"embeddable":true,"href":"https:\/\/democraciaactiva.eu\/index.php?rest_route=\/wp\/v2\/users\/1"}],"replies":[{"embeddable":true,"href":"https:\/\/democraciaactiva.eu\/index.php?rest_route=%2Fwp%2Fv2%2Fcomments&post=98"}],"version-history":[{"count":0,"href":"https:\/\/democraciaactiva.eu\/index.php?rest_route=\/wp\/v2\/posts\/98\/revisions"}],"wp:attachment":[{"href":"https:\/\/democraciaactiva.eu\/index.php?rest_route=%2Fwp%2Fv2%2Fmedia&parent=98"}],"wp:term":[{"taxonomy":"category","embeddable":true,"href":"https:\/\/democraciaactiva.eu\/index.php?rest_route=%2Fwp%2Fv2%2Fcategories&post=98"},{"taxonomy":"post_tag","embeddable":true,"href":"https:\/\/democraciaactiva.eu\/index.php?rest_route=%2Fwp%2Fv2%2Ftags&post=98"}],"curies":[{"name":"wp","href":"https:\/\/api.w.org\/{rel}","templated":true}]}}