{"id":978,"date":"2015-08-13T10:37:07","date_gmt":"2015-08-13T09:37:07","guid":{"rendered":"http:\/\/democraciaactiva.eu\/?p=978"},"modified":"2015-08-13T10:37:07","modified_gmt":"2015-08-13T09:37:07","slug":"dca-pregunta-sobre-el-concepto-de-urgente-en-espartinas","status":"publish","type":"post","link":"https:\/\/democraciaactiva.eu\/?p=978","title":{"rendered":"DCA pregunta sobre el concepto de \u00abUrgente\u00bb en Espartinas"},"content":{"rendered":"<p><a href=\"https:\/\/democraciaactiva.eu\/wp-content\/uploads\/2015\/08\/a7497333dc26ccd8a4694d4edcbe1e49.jpg\"><img decoding=\"async\" loading=\"lazy\" class=\"aligncenter size-full wp-image-980\" src=\"https:\/\/democraciaactiva.eu\/wp-content\/uploads\/2015\/08\/a7497333dc26ccd8a4694d4edcbe1e49.jpg\" alt=\"Logotipo Azul peque\u00f1o\" width=\"185\" height=\"185\" \/><\/a>La Asociaci\u00f3n Defensa Ciudadana Activa ha solicitado al Ayuntamiento de Espartinas los motivos por los que justifica como extraordinario y urgente el pleno convocado esta ma\u00f1ana para las 19 horas de la tarde. Los puntos de dicha sesi\u00f3n son, <strong>b\u00e1sicamente, la aprobaci\u00f3n de los salarios para Alcald\u00eda y Concejales del gobierno local<\/strong>.<\/p>\n<p>Desde DCA entienden que \u00abno existe motivo que justifique la extraordinaria urgencia, privando a los representantes p\u00fablicos del tiempo necesario para estudiar la documentaci\u00f3n de la sesi\u00f3n, y sin dictamen previo de las Comisiones Informativas obligatorias. Si en lugar de aprobarse este jueves, se hiciera el mi\u00e9rcoles pr\u00f3ximo, dar\u00eda tiempo a seguir el procedimiento legal establecido.\u00bb, informaron.<\/p>\n<p>De este modo se pretende llamar la atenci\u00f3n sobre el uso arbitrario de las mayor\u00edas para saltarse los procedimientos legales y, con ello, los derechos de los ciudadanos y sobre todo los representantes electos a una informaci\u00f3n correcta que permita la formaci\u00f3n de su voluntad ante las votaciones.<\/p>\n<p>A juicio de DCA \u00ab<strong>el Alcalde de Espartinas demuestra con este proceder una absoluta falta de respeto a los representantes electos que, como \u00e9l, han sido designados por sus vecinos para representarles, y tienen derecho a recibir la informaci\u00f3n de forma correcta.<\/strong>\u00ab, denunciaron.<\/p>\n<p>Si los servicios jur\u00eddicos municipales amparan estas pr\u00e1cticas, Espartinas podr\u00eda convocar plenos de un d\u00eda para otro, sin mayor justificaci\u00f3n que \u00abporque pueden,<strong> porque tienen un pacto que les permite una mayor\u00eda absoluta y la utilizar\u00e1n para pisotear los derechos de los dem\u00e1s. Por ello no podemos permanecer impasibles ante pasos atr\u00e1s tan importante para la democracia, no estamos dispuestos a que las administraciones p\u00fablicas se conviertan en cortijos de nadie<\/strong>.\u00bb, finalizaron.<a href=\"https:\/\/democraciaactiva.eu\/wp-content\/uploads\/2015\/08\/S15445.png\"><img decoding=\"async\" loading=\"lazy\" class=\"aligncenter size-medium wp-image-979\" src=\"https:\/\/democraciaactiva.eu\/wp-content\/uploads\/2015\/08\/S15445-205x300.png\" alt=\"S15445\" width=\"205\" height=\"300\" \/><\/a> <\/p>\n","protected":false},"excerpt":{"rendered":"<div class=\"mh-excerpt\"><p>La Asociaci\u00f3n Defensa Ciudadana Activa ha solicitado al Ayuntamiento de Espartinas los motivos por los que justifica como extraordinario y urgente el pleno convocado esta <a class=\"mh-excerpt-more\" href=\"https:\/\/democraciaactiva.eu\/?p=978\" title=\"DCA pregunta sobre el concepto de \u00abUrgente\u00bb en Espartinas\">[&#8230;]<\/a><\/p>\n<\/div>","protected":false},"author":1,"featured_media":0,"comment_status":"closed","ping_status":"open","sticky":false,"template":"","format":"standard","meta":[],"categories":[5,8,12],"tags":[],"_links":{"self":[{"href":"https:\/\/democraciaactiva.eu\/index.php?rest_route=\/wp\/v2\/posts\/978"}],"collection":[{"href":"https:\/\/democraciaactiva.eu\/index.php?rest_route=\/wp\/v2\/posts"}],"about":[{"href":"https:\/\/democraciaactiva.eu\/index.php?rest_route=\/wp\/v2\/types\/post"}],"author":[{"embeddable":true,"href":"https:\/\/democraciaactiva.eu\/index.php?rest_route=\/wp\/v2\/users\/1"}],"replies":[{"embeddable":true,"href":"https:\/\/democraciaactiva.eu\/index.php?rest_route=%2Fwp%2Fv2%2Fcomments&post=978"}],"version-history":[{"count":0,"href":"https:\/\/democraciaactiva.eu\/index.php?rest_route=\/wp\/v2\/posts\/978\/revisions"}],"wp:attachment":[{"href":"https:\/\/democraciaactiva.eu\/index.php?rest_route=%2Fwp%2Fv2%2Fmedia&parent=978"}],"wp:term":[{"taxonomy":"category","embeddable":true,"href":"https:\/\/democraciaactiva.eu\/index.php?rest_route=%2Fwp%2Fv2%2Fcategories&post=978"},{"taxonomy":"post_tag","embeddable":true,"href":"https:\/\/democraciaactiva.eu\/index.php?rest_route=%2Fwp%2Fv2%2Ftags&post=978"}],"curies":[{"name":"wp","href":"https:\/\/api.w.org\/{rel}","templated":true}]}}