{"id":972,"date":"2015-08-12T18:41:36","date_gmt":"2015-08-12T17:41:36","guid":{"rendered":"http:\/\/democraciaactiva.eu\/?p=972"},"modified":"2015-08-12T18:41:36","modified_gmt":"2015-08-12T17:41:36","slug":"sobre-dobermans-y-correveydiles-varios","status":"publish","type":"post","link":"https:\/\/democraciaactiva.eu\/?p=972","title":{"rendered":"Sobre d\u00f3bermans y correveydiles varios."},"content":{"rendered":"<p>Hay una t\u00e9cnica que los pol\u00edticos profesionales, los que viven de eso, que nos suben los impuestos para garantizarse unos ingresos que son incapaces de conseguir con cualquier trabajo, vienen utilizando desde tiempo inmemorial, y en estos d\u00edas me lo han recordado ciertas actitudes.<a href=\"https:\/\/democraciaactiva.eu\/wp-content\/uploads\/2015\/08\/Doberman.jpg\"><img decoding=\"async\" loading=\"lazy\" class=\"aligncenter size-medium wp-image-974\" src=\"https:\/\/democraciaactiva.eu\/wp-content\/uploads\/2015\/08\/Doberman-300x200.jpg\" alt=\"Doberman\" width=\"300\" height=\"200\" \/><\/a><\/p>\n<p>Los primeros son aquellos que en otro tiempo llam\u00e1bamos los <em><strong>\u201cd\u00f3bermans\u201d<\/strong><\/em>, gente del entorno del pol\u00edtico, compa\u00f1eros de partido y militantes sobre todo, que se lanzan contra cualquiera que cuestione el buen hacer y responsabilidad del pol\u00edtico de turno. <strong>Su herramienta de trabajo son los \u201cladridos\u201d, no buscan argumentar ni discutir nada, y mentir\u00e1n siempre que les sea posible, de modo que se genere el mayor ruido posible tratando de que su objetivo conteste y cometa errores<\/strong>. Mientras tanto por supuesto al pol\u00edtico profesional hay que mantenerlo al margen, esos pol\u00edticos est\u00e1n a otro nivel por encima del mundanal ruido de la ciudadan\u00eda\u2026 no van a mancharse las manos.<a href=\"https:\/\/democraciaactiva.eu\/wp-content\/uploads\/2015\/08\/Correveydile.jpg\"><img decoding=\"async\" loading=\"lazy\" class=\"aligncenter size-medium wp-image-975\" src=\"https:\/\/democraciaactiva.eu\/wp-content\/uploads\/2015\/08\/Correveydile-221x300.jpg\" alt=\"Correveydile\" width=\"221\" height=\"300\" \/><\/a><\/p>\n<p>Los segundos, son reclutados y suelen salir al ruedo cuando los primeros fallan o para mantener el acoso a la ciudadan\u00eda m\u00e1s prolongado en el tiempo, son los <strong>\u201ccorreveydile\u201d<\/strong>, y los hay aut\u00e9nticos profesionales dignos del S\u00e1lvame. Este tipo de apoyos para el pol\u00edtico profesional cumplen una funci\u00f3n distinta, no se dedican a hacer ruido sobre el tema del que se trate, todo lo contrario. <strong>Estos se dedican a correr la voz de cualquier otro tema que implique a su v\u00edctima, al \u201cy t\u00fa m\u00e1s\u201d, al \u201cpues tu primo dijo esto\u201d, implicando a familiares, amigos y cualquier antecedente que puedan localizar de quien pone nervioso al pol\u00edtico, tratando, como no, de silenciarlo con un pobre estilo de mafiosos venido a menos.<\/strong><\/p>\n<p>Los \u201ccorreveydiles\u201d por supuesto tambi\u00e9n sirven de \u201ccobertura\u201d al l\u00edder pol\u00edtico que no debe nunca rebajarse a su nivel. De ese modo se distingue entre los seres superiores, pol\u00edticos que no entran al trapo de las \u201cprovocaciones\u201d, m\u00e1s que nada porque aunque pisoteen los derechos de los ciudadanos <strong>sus n\u00f3minas les seguir\u00e1n entrando igual a final de mes<\/strong>, y as\u00ed evitan dejar en evidencia c\u00f3mo se puede cobrar como si tuvieran un doctorado cuando no saben hacer la O con un canuto\u2026 pero <strong>ya es de conocimiento p\u00fablico que para ganar un sueldecito como pol\u00edtico no se piden conocimientos ni val\u00eda, con haber hecho la pelota lo suficiente a los de arriba ya sirve.<\/strong><\/p>\n<p>Por eso desde estas l\u00edneas nuestro apoyo a cuantos se enfrentan d\u00eda tras d\u00eda a este tipo de elementos, algunos tras su \u00abantifaz\u00bb, como <strong>Arisel<\/strong> <strong>Lesira<\/strong>, al que los correveydiles han cuestionado m\u00e1s de una vez, buscando c\u00f3mo presionar a trav\u00e9s de familiares sin conseguirlo,\u00a0 y otros muy de frente, tanto que a veces s\u00f3lo su c\u00e1mara la separa de las fauces de los d\u00f3bermans, como <strong>Macarena Amores.<\/strong><\/p>\n<p>Estad seguros de que siempre tendr\u00e9is nuestro apoyo en la tarea que llev\u00e1is a\u00f1os desarrollando y seguir\u00e9is muchos m\u00e1s, digan lo que digan, hagan lo que hagan, siempre adelante. Como dice Arisel, <strong>el que se cansa, pierde<\/strong>, as\u00ed que cuando necesit\u00e9is pilas nuevas, aqu\u00ed tenemos reservas \ud83d\ude09 <\/p>\n","protected":false},"excerpt":{"rendered":"<div class=\"mh-excerpt\"><p>Hay una t\u00e9cnica que los pol\u00edticos profesionales, los que viven de eso, que nos suben los impuestos para garantizarse unos ingresos que son incapaces de <a class=\"mh-excerpt-more\" href=\"https:\/\/democraciaactiva.eu\/?p=972\" title=\"Sobre d\u00f3bermans y correveydiles varios.\">[&#8230;]<\/a><\/p>\n<\/div>","protected":false},"author":1,"featured_media":0,"comment_status":"closed","ping_status":"open","sticky":false,"template":"","format":"standard","meta":[],"categories":[12],"tags":[],"_links":{"self":[{"href":"https:\/\/democraciaactiva.eu\/index.php?rest_route=\/wp\/v2\/posts\/972"}],"collection":[{"href":"https:\/\/democraciaactiva.eu\/index.php?rest_route=\/wp\/v2\/posts"}],"about":[{"href":"https:\/\/democraciaactiva.eu\/index.php?rest_route=\/wp\/v2\/types\/post"}],"author":[{"embeddable":true,"href":"https:\/\/democraciaactiva.eu\/index.php?rest_route=\/wp\/v2\/users\/1"}],"replies":[{"embeddable":true,"href":"https:\/\/democraciaactiva.eu\/index.php?rest_route=%2Fwp%2Fv2%2Fcomments&post=972"}],"version-history":[{"count":0,"href":"https:\/\/democraciaactiva.eu\/index.php?rest_route=\/wp\/v2\/posts\/972\/revisions"}],"wp:attachment":[{"href":"https:\/\/democraciaactiva.eu\/index.php?rest_route=%2Fwp%2Fv2%2Fmedia&parent=972"}],"wp:term":[{"taxonomy":"category","embeddable":true,"href":"https:\/\/democraciaactiva.eu\/index.php?rest_route=%2Fwp%2Fv2%2Fcategories&post=972"},{"taxonomy":"post_tag","embeddable":true,"href":"https:\/\/democraciaactiva.eu\/index.php?rest_route=%2Fwp%2Fv2%2Ftags&post=972"}],"curies":[{"name":"wp","href":"https:\/\/api.w.org\/{rel}","templated":true}]}}