{"id":965,"date":"2015-08-11T18:01:09","date_gmt":"2015-08-11T17:01:09","guid":{"rendered":"http:\/\/democraciaactiva.eu\/?p=965"},"modified":"2015-08-11T18:01:09","modified_gmt":"2015-08-11T17:01:09","slug":"dca-denuncia-el-incumplimiento-sistematico-de-las-ordenanzas-en-san-roque","status":"publish","type":"post","link":"https:\/\/democraciaactiva.eu\/?p=965","title":{"rendered":"DCA denuncia el incumplimiento sistem\u00e1tico de las Ordenanzas en San Roque"},"content":{"rendered":"<p>La Asociaci\u00f3n Defensa Ciudadana Activa ha criticado <em><strong>la continuidad en la pol\u00edtica de \u201capartheid\u201d<\/strong> <\/em>que vienen denunciando desde a\u00f1os atr\u00e1s en San Roque, donde \u201cexisten asociaciones y plataformas que estamos en la lista negra del gobierno local, por lo que no se contesta ninguna de nuestras peticiones, mientras las amistades o cargos del partido se jactan de que les dan respuesta en 24 horas.\u201d. De este modo denuncian que <em><strong>el nuevo edil de Participaci\u00f3n Ciudadana, David Ramos, \u201csigue incumpliendo su propia ordenanza cambiando los procedimientos legales por caf\u00e9s y redes sociales\u201d<\/strong><\/em>, denunciaron.<\/p>\n<p>DCA confirm\u00f3 no haber recibido respuesta a\u00fan a ninguna de las cuestiones pendientes desde meses atr\u00e1s, \u201cy por supuesto tampoco a las m\u00e1s recientes, y es que en San Roque la Ordenanza de Participaci\u00f3n Ciudadana se incumple sistem\u00e1ticamente. <strong>Al parecer Ramos ha venido a continuar con la pol\u00edtica de transparencia cero que se ha implantado estos a\u00f1os atr\u00e1s, <\/strong>por lo que ser\u00e1 un sueldo m\u00e1s que pagar como colocado del partido, pero no un servidor p\u00fablico.\u201d<\/p>\n<p>Uno de los fines fundadores de la Asociaci\u00f3n Defensa Ciudadana Activa fue el trato igualitario a todos los ciudadanos, \u201cpara lo cual <strong>debemos regirnos por unas reglas claras y exigir para la ciudadan\u00eda el respeto de los cargos p\u00fablicos, algo que en San Roque cada vez resulta m\u00e1s dif\u00edcil cuando se incumplen las normas para beneficio de amigos y militantes del partido, metiendo en su lista negra particular a quienes no aplauden cada nueva foto que se hacen<\/strong>.\u201d.<\/p>\n<p>Cabe recordar que el propio Alcalde de San Roque neg\u00f3 en varias ocasiones mediante Decreto la solicitud de cita a la Asociaci\u00f3n Defensa Ciudadana Activa, para poco despu\u00e9s instaurar el \u201cm\u00e9todo del cafelito\u201d, continuado por Ramos, mientras que desde DCA defienden que \u201c<strong>no necesitamos cafelitos, palmaditas ni reuniones de mesa camilla, s\u00f3lo que se respeten las normas y se trate a todos los ciudadanos por igual<\/strong>, incluso a los que no alaben a su partido pol\u00edtico.\u201d, finalizaron. <\/p>\n","protected":false},"excerpt":{"rendered":"<div class=\"mh-excerpt\"><p>La Asociaci\u00f3n Defensa Ciudadana Activa ha criticado la continuidad en la pol\u00edtica de \u201capartheid\u201d que vienen denunciando desde a\u00f1os atr\u00e1s en San Roque, donde \u201cexisten <a class=\"mh-excerpt-more\" href=\"https:\/\/democraciaactiva.eu\/?p=965\" title=\"DCA denuncia el incumplimiento sistem\u00e1tico de las Ordenanzas en San Roque\">[&#8230;]<\/a><\/p>\n<\/div>","protected":false},"author":1,"featured_media":0,"comment_status":"closed","ping_status":"open","sticky":false,"template":"","format":"standard","meta":[],"categories":[12],"tags":[],"_links":{"self":[{"href":"https:\/\/democraciaactiva.eu\/index.php?rest_route=\/wp\/v2\/posts\/965"}],"collection":[{"href":"https:\/\/democraciaactiva.eu\/index.php?rest_route=\/wp\/v2\/posts"}],"about":[{"href":"https:\/\/democraciaactiva.eu\/index.php?rest_route=\/wp\/v2\/types\/post"}],"author":[{"embeddable":true,"href":"https:\/\/democraciaactiva.eu\/index.php?rest_route=\/wp\/v2\/users\/1"}],"replies":[{"embeddable":true,"href":"https:\/\/democraciaactiva.eu\/index.php?rest_route=%2Fwp%2Fv2%2Fcomments&post=965"}],"version-history":[{"count":0,"href":"https:\/\/democraciaactiva.eu\/index.php?rest_route=\/wp\/v2\/posts\/965\/revisions"}],"wp:attachment":[{"href":"https:\/\/democraciaactiva.eu\/index.php?rest_route=%2Fwp%2Fv2%2Fmedia&parent=965"}],"wp:term":[{"taxonomy":"category","embeddable":true,"href":"https:\/\/democraciaactiva.eu\/index.php?rest_route=%2Fwp%2Fv2%2Fcategories&post=965"},{"taxonomy":"post_tag","embeddable":true,"href":"https:\/\/democraciaactiva.eu\/index.php?rest_route=%2Fwp%2Fv2%2Ftags&post=965"}],"curies":[{"name":"wp","href":"https:\/\/api.w.org\/{rel}","templated":true}]}}