{"id":958,"date":"2015-07-03T19:02:37","date_gmt":"2015-07-03T18:02:37","guid":{"rendered":"http:\/\/democraciaactiva.eu\/?p=958"},"modified":"2015-07-03T19:02:37","modified_gmt":"2015-07-03T18:02:37","slug":"espartinas-implantara-la-sede-electronica-en-unos-meses","status":"publish","type":"post","link":"https:\/\/democraciaactiva.eu\/?p=958","title":{"rendered":"Espartinas implantar\u00e1 la sede electr\u00f3nica en unos meses."},"content":{"rendered":"<p>Tras dos a\u00f1os recurriendo los presupuestos generales de Espartinas, <strong>exigiendo en ambos recursos la implantaci\u00f3n del registro telem\u00e1tico a que est\u00e1n obligadas todas las entidades locales desde el 2.009<\/strong>, hoy al parecer se ha firmado un acuerdo con la Diputaci\u00f3n Provincial de Sevilla en este sentido.<a href=\"https:\/\/democraciaactiva.eu\/wp-content\/uploads\/2015\/07\/DipuEspartinas.jpg\"><img decoding=\"async\" loading=\"lazy\" class=\"aligncenter size-medium wp-image-959\" src=\"https:\/\/democraciaactiva.eu\/wp-content\/uploads\/2015\/07\/DipuEspartinas-297x300.jpg\" alt=\"DipuEspartinas\" width=\"297\" height=\"300\" \/><\/a><\/p>\n<p>En nuestro recurso se a\u00f1ad\u00eda a la obligaci\u00f3n de destinar partidas presupuestarias y fijar un calendario de plazos, la posibilidad de que <strong>las Diputaciones Provinciales aporten los recursos precisos a los municipios que no dispongan de ellos,<\/strong> caso que entend\u00edamos el m\u00e1s adecuado para Espartinas, como as\u00ed al parecer se ha tenido en cuenta ahora.<a href=\"https:\/\/democraciaactiva.eu\/wp-content\/uploads\/2015\/07\/S14242_P\u00e1gina_1.jpg\"><img decoding=\"async\" loading=\"lazy\" class=\"aligncenter size-medium wp-image-960\" src=\"https:\/\/democraciaactiva.eu\/wp-content\/uploads\/2015\/07\/S14242_P\u00e1gina_1-212x300.jpg\" alt=\"S14242_P\u00e1gina_1\" width=\"212\" height=\"300\" \/><\/a><\/p>\n<p>Aunque no hemos recibido respuesta oficial a nuestros recursos, otras organizaciones como ACE que recurrieron igualmente los Presupuestos Generales fueron informadas de que, seg\u00fan el criterio de la Intervenci\u00f3n Municipal, ese servicio ya hab\u00eda sido presupuestado y pagado en el a\u00f1o 2.006, aunque no estaba operativo.<\/p>\n<p>Se desconoce qu\u00e9 se pag\u00f3 realmente, a qui\u00e9n ni en qu\u00e9 cantidad, ya que lo \u00fanico confirmado es que ese servicio, subvencionado adem\u00e1s por la administraci\u00f3n auton\u00f3mica, nunca se puso a disposici\u00f3n de los vecinos.<\/p>\n<p><strong>Ha sido necesario m\u00e1s de un a\u00f1o, dos recursos a presupuestos generales, \u00a0y un cambio de gobierno local, para que finalmente se comience a cumplir la normativa de acceso telem\u00e1tico reconociendo a los ciudadanos los derechos que legalmente tienen ante las administraciones publicas.<\/strong> Lamentablemente suele ocurrir en la mayor\u00eda de gobiernos locales, reacios a que los ciudadanos exijan sus derechos. <\/p>\n","protected":false},"excerpt":{"rendered":"<div class=\"mh-excerpt\"><p>Tras dos a\u00f1os recurriendo los presupuestos generales de Espartinas, exigiendo en ambos recursos la implantaci\u00f3n del registro telem\u00e1tico a que est\u00e1n obligadas todas las entidades <a class=\"mh-excerpt-more\" href=\"https:\/\/democraciaactiva.eu\/?p=958\" title=\"Espartinas implantar\u00e1 la sede electr\u00f3nica en unos meses.\">[&#8230;]<\/a><\/p>\n<\/div>","protected":false},"author":1,"featured_media":0,"comment_status":"closed","ping_status":"open","sticky":false,"template":"","format":"standard","meta":[],"categories":[5,8],"tags":[],"_links":{"self":[{"href":"https:\/\/democraciaactiva.eu\/index.php?rest_route=\/wp\/v2\/posts\/958"}],"collection":[{"href":"https:\/\/democraciaactiva.eu\/index.php?rest_route=\/wp\/v2\/posts"}],"about":[{"href":"https:\/\/democraciaactiva.eu\/index.php?rest_route=\/wp\/v2\/types\/post"}],"author":[{"embeddable":true,"href":"https:\/\/democraciaactiva.eu\/index.php?rest_route=\/wp\/v2\/users\/1"}],"replies":[{"embeddable":true,"href":"https:\/\/democraciaactiva.eu\/index.php?rest_route=%2Fwp%2Fv2%2Fcomments&post=958"}],"version-history":[{"count":0,"href":"https:\/\/democraciaactiva.eu\/index.php?rest_route=\/wp\/v2\/posts\/958\/revisions"}],"wp:attachment":[{"href":"https:\/\/democraciaactiva.eu\/index.php?rest_route=%2Fwp%2Fv2%2Fmedia&parent=958"}],"wp:term":[{"taxonomy":"category","embeddable":true,"href":"https:\/\/democraciaactiva.eu\/index.php?rest_route=%2Fwp%2Fv2%2Fcategories&post=958"},{"taxonomy":"post_tag","embeddable":true,"href":"https:\/\/democraciaactiva.eu\/index.php?rest_route=%2Fwp%2Fv2%2Ftags&post=958"}],"curies":[{"name":"wp","href":"https:\/\/api.w.org\/{rel}","templated":true}]}}