{"id":949,"date":"2015-06-29T12:36:50","date_gmt":"2015-06-29T11:36:50","guid":{"rendered":"http:\/\/democraciaactiva.eu\/?p=949"},"modified":"2015-06-29T12:36:50","modified_gmt":"2015-06-29T11:36:50","slug":"645-e-de-multa-al-policia-de-vigo-que-estacionaba-en-pmr","status":"publish","type":"post","link":"https:\/\/democraciaactiva.eu\/?p=949","title":{"rendered":"645 \u20ac de multa al Polic\u00eda de Vigo que estacionaba en PMR"},"content":{"rendered":"<p>Recibimos respuesta del Concello de Vigo sobre el expediente de denuncia por estacionar en PMR frente a su Jefatura de Polic\u00eda Local. La <a href=\"http:\/\/www.lavozdegalicia.es\/noticia\/vigo\/vigo\/2015\/02\/15\/camara-cazo-cazador\/0003_201502V15C7992.htm\" target=\"_blank\">denuncia voluntaria remitida por Defensa Ciudadana Activa<\/a> contra el <strong>agente de Polic\u00eda Local que estacionaba su Audi TT en plaza para discapacitados<\/strong> fue recogida tambi\u00e9n por distintos medios de comunicaci\u00f3n.<\/p>\n<p>Aunque los denunciantes no tienen consideraci\u00f3n de interesados, conforme a la Ley de Transparencia los informes que constan en las administraciones p\u00fablicas pasan a ser p\u00fablicos, por lo cual podemos informarnos del estado de los expedientes para el cumplimiento de nuestros fines. En este caso el Concello de Vigo, que desde el inicio del expediente ha mostrado su colaboraci\u00f3n para la m\u00e1xima transparencia del procedimiento, ha informado del estado del mismo estos d\u00edas.<\/p>\n<p>En concreto se han impuesto <strong>3 sanciones de 200 \u20ac<\/strong> cada una por los tres d\u00edas que fue fotografiado, adem\u00e1s de grabado en video, el agente estacionando su veh\u00edculo particular en la plaza reservada a personas con movilidad reducida. As\u00ed mismo se ha impuesto <strong>otra por importe de 45 euros<\/strong> por no llevar el distintivo de haber pasado la ITV, que tambi\u00e9n fue denunciado por DCA.<\/p>\n<p><a href=\"https:\/\/democraciaactiva.eu\/wp-content\/uploads\/2015\/06\/E15245-1.jpg\" target=\"_blank\"><img decoding=\"async\" loading=\"lazy\" class=\"aligncenter wp-image-950 size-medium\" src=\"https:\/\/democraciaactiva.eu\/wp-content\/uploads\/2015\/06\/E15245-1-210x300.jpg\" alt=\"E15245-1\" width=\"210\" height=\"300\" \/><\/a><\/p>\n<p>No pod\u00edamos menos que exigir a este agente lo mismo que pedir\u00eda a cualquier ciudadano, esperando que comprenda el mensaje y respete las normas que por su trabajo deber\u00eda vigilar.<\/p>\n<p>Adem\u00e1s de las sanciones por infracciones administrativas, la Xunta de Gobierno Local aprob\u00f3 el pasado mes de marzo el inicio de diligencias informativas sobre el <strong>expediente disciplinario solicitado por DCA<\/strong> conforme al Estatuto B\u00e1sico del Empleado P\u00fablico, estando actualmente en fase de instrucci\u00f3n.<a href=\"https:\/\/democraciaactiva.eu\/wp-content\/uploads\/2015\/06\/E15245-2.jpg\" target=\"_blank\"><img decoding=\"async\" loading=\"lazy\" class=\"aligncenter wp-image-954 size-medium\" src=\"https:\/\/democraciaactiva.eu\/wp-content\/uploads\/2015\/06\/E15245-2-210x300.jpg\" alt=\"E15245-2\" width=\"210\" height=\"300\" \/><\/a> <a href=\"https:\/\/democraciaactiva.eu\/wp-content\/uploads\/2015\/06\/E15245-3.jpg\" target=\"_blank\"><img decoding=\"async\" loading=\"lazy\" class=\"aligncenter wp-image-955 size-medium\" src=\"https:\/\/democraciaactiva.eu\/wp-content\/uploads\/2015\/06\/E15245-3-210x300.jpg\" alt=\"E15245-3\" width=\"210\" height=\"300\" \/><\/a>Entradas relacionadas con la denuncia:<\/p>\n<p><a href=\"https:\/\/democraciaactiva.eu\/?p=719\" target=\"_blank\">Hasta las narices&#8230; y un poquito m\u00e1s<\/a><\/p>\n<p><a href=\"https:\/\/democraciaactiva.eu\/?p=753\" target=\"_blank\">TeleCinco insiste al Concello de Vigo sobre la denuncia de DCA<\/a><\/p>\n<p><a href=\"http:\/\/www.lavozdegalicia.es\/noticia\/vigo\/vigo\/2015\/02\/15\/camara-cazo-cazador\/0003_201502V15C7992.htm\" target=\"_blank\">La c\u00e1mara caz\u00f3 al cazador<\/a><\/p>\n<p>&nbsp; <\/p>\n","protected":false},"excerpt":{"rendered":"<div class=\"mh-excerpt\"><p>Recibimos respuesta del Concello de Vigo sobre el expediente de denuncia por estacionar en PMR frente a su Jefatura de Polic\u00eda Local. La denuncia voluntaria <a class=\"mh-excerpt-more\" href=\"https:\/\/democraciaactiva.eu\/?p=949\" title=\"645 \u20ac de multa al Polic\u00eda de Vigo que estacionaba en PMR\">[&#8230;]<\/a><\/p>\n<\/div>","protected":false},"author":1,"featured_media":0,"comment_status":"closed","ping_status":"open","sticky":false,"template":"","format":"standard","meta":[],"categories":[5,12],"tags":[],"_links":{"self":[{"href":"https:\/\/democraciaactiva.eu\/index.php?rest_route=\/wp\/v2\/posts\/949"}],"collection":[{"href":"https:\/\/democraciaactiva.eu\/index.php?rest_route=\/wp\/v2\/posts"}],"about":[{"href":"https:\/\/democraciaactiva.eu\/index.php?rest_route=\/wp\/v2\/types\/post"}],"author":[{"embeddable":true,"href":"https:\/\/democraciaactiva.eu\/index.php?rest_route=\/wp\/v2\/users\/1"}],"replies":[{"embeddable":true,"href":"https:\/\/democraciaactiva.eu\/index.php?rest_route=%2Fwp%2Fv2%2Fcomments&post=949"}],"version-history":[{"count":0,"href":"https:\/\/democraciaactiva.eu\/index.php?rest_route=\/wp\/v2\/posts\/949\/revisions"}],"wp:attachment":[{"href":"https:\/\/democraciaactiva.eu\/index.php?rest_route=%2Fwp%2Fv2%2Fmedia&parent=949"}],"wp:term":[{"taxonomy":"category","embeddable":true,"href":"https:\/\/democraciaactiva.eu\/index.php?rest_route=%2Fwp%2Fv2%2Fcategories&post=949"},{"taxonomy":"post_tag","embeddable":true,"href":"https:\/\/democraciaactiva.eu\/index.php?rest_route=%2Fwp%2Fv2%2Ftags&post=949"}],"curies":[{"name":"wp","href":"https:\/\/api.w.org\/{rel}","templated":true}]}}