{"id":930,"date":"2015-06-25T11:18:23","date_gmt":"2015-06-25T10:18:23","guid":{"rendered":"http:\/\/democraciaactiva.eu\/?p=930"},"modified":"2015-06-25T11:18:23","modified_gmt":"2015-06-25T10:18:23","slug":"informacion-sobre-acceso-a-comedores-escolares-en-andalucia","status":"publish","type":"post","link":"https:\/\/democraciaactiva.eu\/?p=930","title":{"rendered":"Informaci\u00f3n sobre acceso a Comedores Escolares en Andaluc\u00eda"},"content":{"rendered":"<p>Estamos recibiendo bastantes quejas sobre personas que <strong>han sido excluidas de los servicios de comedor escolar<\/strong> sin que haya cambiado su situaci\u00f3n respecto a a\u00f1os anteriores. Sobre todo ha coincidido con familias andaluzas que han tramitado expedientes por distintas situaciones que no deber\u00edan darse en centros educativos (alumnos diab\u00e9ticos sin protocolo de atenci\u00f3n, con discapacidad y problemas de acceso a los centros, familias con escasos recursos a las que faltaba alg\u00fan tr\u00e1mite, etc.) pero entendemos que\u00a0igual puede darse en el resto de alumnado..<\/p>\n<p><a href=\"https:\/\/democraciaactiva.eu\/wp-content\/uploads\/2015\/06\/Comedor.jpg\"><img decoding=\"async\" loading=\"lazy\" class=\"aligncenter size-medium wp-image-931\" src=\"https:\/\/democraciaactiva.eu\/wp-content\/uploads\/2015\/06\/Comedor-300x201.jpg\" alt=\"Comedor\" width=\"300\" height=\"201\" \/><\/a><\/p>\n<p>Estas familias han entendido que desde la administraci\u00f3n se primaba aquellos padres que por motivos laborales no ten\u00edan disponible el horario de comedor, ante las que se encontraban en <strong>dificultad social extrema<\/strong>, por su situaci\u00f3n econ\u00f3mica.<\/p>\n<p>El problema que encontramos frente a la administraci\u00f3n es que, o al menos as\u00ed nos ha parecido en los contactos mantenidos, no tienen muy claros los conceptos que maneja la Orden de 2 de agosto de 2.010, por la que se regulan los servicios complementarios de la ense\u00f1anza de aula matinal, comedor escolar y actividades extraescolares en los centros docentes p\u00fablicos.<\/p>\n<p>Esta Orden, en su art. 19 apartado 2, atiende en primer lugar a aquellas familias que deban desplazarse fuera de\u00a0su localidad por no existir centro en la misma.\u00a0En segundo lugar (apartado 2,b) ) punt\u00faa\u00a0al\u00a0<strong>alumnado que, \u00abpor motivos familiares, se encuentre en situaci\u00f3n de dificultad social extrema\u201d<\/strong>, y aqu\u00ed empieza el problema porque en la administraci\u00f3n\u00a0de los centros educativos o no saben diferenciarlos o directamente no los tienen en cuenta.<\/p>\n<p>Por eso en la mayor\u00eda de ocasiones se centran en pedir a los padres certificados laborales para justificar que se encuentran trabajando en horario de comedor escolar, perjudicando a las familias cuyos miembros se encuentran desempleados.<\/p>\n<p>Analizando la normativa, el art\u00edculo 19.2.b deber\u00eda tener preferencia sobre los apartados c) y d), que son los dedicados a quienes alegan motivos de horario laboral, y por tanto debemos aclarar qu\u00e9 entendemos por <strong>\u00absituaci\u00f3n de dificultad social extrema\u00bb.<\/strong><\/p>\n<p>Para acreditar esta situaci\u00f3n no deber\u00eda ser necesario recurrir a los servicios sociales, si no simplemente acreditar los ingresos de la unidad familiar, a los que tiene acceso directo la administraci\u00f3n educativa porque se les autoriza en la solicitud, y comprobar que no superan un m\u00ednimo legal. En resumidas cuentas: no habr\u00eda que demostrar nada porque la administraci\u00f3n ya tiene toda la documentaci\u00f3n necesaria.<\/p>\n<p>De este modo,<strong> la situaci\u00f3n de dificultad social extrema se encuentra definida en el Anexo 2, apartado a) del acuerdo de 7 de julio de 2.009, del Consejo de Gobierno (Pag. 118 del BOJA 138 de 17 de julio de 2.009), como las familias cuyos ingresos no superen el 20% de los l\u00edmites establecidos en la disposici\u00f3n adicional primera del Decreto 137\/2002, de 30 de abril, de apoyo a las familias andaluzas.<\/strong><\/p>\n<p>Esta disposici\u00f3n adicional por su parte (pag. 7133 del BOJA n\u00ba 52 de 4 de mayo de 2.002) establece en su apartado 1 que\u00a0<em><strong>\u201cse considerar\u00e1n ingresos de la Unidad Familiar los obtenidos por la suma de los ingresos de cada uno de los miembros de la misma, entendi\u00e9ndose como ingresos cualquier renta susceptible de integrar el hecho imponible en el Impuesto sobre la Renta de las Personas F\u00edsicas\u201d.<\/strong><\/em><\/p>\n<p>Igualmente esta disposici\u00f3n en su apartado 3 indica que, <strong>\u201cen aquellos supuestos que se requiera una limitaci\u00f3n en los ingresos de la unidad familiar, \u00e9stos ser\u00e1n los siguientes en c\u00f3mputo anual:<\/strong><\/p>\n<p><strong>&#8211; Familias de 1 miembro = 3 Salario M\u00ednimo Interprofesional (en adelante SMI).<\/strong><\/p>\n<p><strong>&#8211; Familias de 2 miembros = 4,8 SMI.<\/strong><\/p>\n<p><strong>&#8211; Familias de 3 miembros = 6 SMI.<\/strong><\/p>\n<p><strong>A partir del tercer miembro, se a\u00f1adir\u00e1 1 SMI por cada nuevo miembro de la unidad familiar.\u00bb<\/strong><\/p>\n<p>El SMI para el a\u00f1o 2.015 en c\u00f3mputo anual (14 pagas) se ha establecido en\u00a09.080,40\u20ac<\/p>\n<p>Por tanto, para una familia por ejemplo de 3 miembros (ambos padres m\u00e1s un hijo\/a) el 20% del s\u00e9xtuplo del SMI (9.080,40 \u20ac x 6 x 0&#8217;2 ) ser\u00eda 10.986,48 \u20ac, teniendo preferencia si no alcanzan esos ingresos sobre las familias que presenten incompatibilidad con su horario laboral sobre las plazas del servicio complementario de comedor escolar en los centros p\u00fablicos de Andaluc\u00eda.<\/p>\n<p>Aunque hoy termina el ajustado plazo que han dado los colegios para presentar alegaciones, es posible para las familias que se consideren perjudicadas por errores en la administraci\u00f3n (la Consejer\u00eda de Educaci\u00f3n tiene acceso a sus datos de renta y deber\u00edan haber aplicado el c\u00e1lculo)\u00a0presentar Recurso de Alzada contra la desestimaci\u00f3n de su solicitud de plaza para el comedor escolar ante la Delegaci\u00f3n Territorial de Educaci\u00f3n que corresponda.<\/p>\n<p>P.D.: Una vez m\u00e1s nos encontramos ante un \u00ablaberinto\u00a0legal\u00bb teniendo que pasar por un acuerdo de Consejo de Gobierno, una disposici\u00f3n adicional de un Decreto, y el BOE en el que se publica el valor del SMI, para \u00abdescifrar\u00bb qu\u00e9 quer\u00eda decir alguien con el apartado b) del art\u00edculo 19 de la Orden de agosto de 2.010 y poder exigir el derecho a plaza de los alumnos. Para otra ocasi\u00f3n a ver si nos lo ponen m\u00e1s facilito&#8230;<\/p>\n<p>&nbsp; <\/p>\n","protected":false},"excerpt":{"rendered":"<div class=\"mh-excerpt\"><p>Estamos recibiendo bastantes quejas sobre personas que han sido excluidas de los servicios de comedor escolar sin que haya cambiado su situaci\u00f3n respecto a a\u00f1os <a class=\"mh-excerpt-more\" href=\"https:\/\/democraciaactiva.eu\/?p=930\" title=\"Informaci\u00f3n sobre acceso a Comedores Escolares en Andaluc\u00eda\">[&#8230;]<\/a><\/p>\n<\/div>","protected":false},"author":1,"featured_media":0,"comment_status":"closed","ping_status":"open","sticky":false,"template":"","format":"standard","meta":[],"categories":[5,8],"tags":[],"_links":{"self":[{"href":"https:\/\/democraciaactiva.eu\/index.php?rest_route=\/wp\/v2\/posts\/930"}],"collection":[{"href":"https:\/\/democraciaactiva.eu\/index.php?rest_route=\/wp\/v2\/posts"}],"about":[{"href":"https:\/\/democraciaactiva.eu\/index.php?rest_route=\/wp\/v2\/types\/post"}],"author":[{"embeddable":true,"href":"https:\/\/democraciaactiva.eu\/index.php?rest_route=\/wp\/v2\/users\/1"}],"replies":[{"embeddable":true,"href":"https:\/\/democraciaactiva.eu\/index.php?rest_route=%2Fwp%2Fv2%2Fcomments&post=930"}],"version-history":[{"count":0,"href":"https:\/\/democraciaactiva.eu\/index.php?rest_route=\/wp\/v2\/posts\/930\/revisions"}],"wp:attachment":[{"href":"https:\/\/democraciaactiva.eu\/index.php?rest_route=%2Fwp%2Fv2%2Fmedia&parent=930"}],"wp:term":[{"taxonomy":"category","embeddable":true,"href":"https:\/\/democraciaactiva.eu\/index.php?rest_route=%2Fwp%2Fv2%2Fcategories&post=930"},{"taxonomy":"post_tag","embeddable":true,"href":"https:\/\/democraciaactiva.eu\/index.php?rest_route=%2Fwp%2Fv2%2Ftags&post=930"}],"curies":[{"name":"wp","href":"https:\/\/api.w.org\/{rel}","templated":true}]}}