{"id":915,"date":"2015-06-23T08:06:02","date_gmt":"2015-06-23T07:06:02","guid":{"rendered":"http:\/\/democraciaactiva.eu\/?p=915"},"modified":"2015-06-23T08:06:02","modified_gmt":"2015-06-23T07:06:02","slug":"el-ies-la-janda-retirara-su-campana-sobre-felinos-en-vejer","status":"publish","type":"post","link":"https:\/\/democraciaactiva.eu\/?p=915","title":{"rendered":"El IES La Janda retirar\u00e1 su campa\u00f1a sobre felinos en Vejer."},"content":{"rendered":"<p>Desde el IES La Janda se ha recibido respuesta a la petici\u00f3n realizada semanas atr\u00e1s sobre su pol\u00e9mica campa\u00f1a por el supuesto problema de los felinos. Tras contactar con el servicio de Participaci\u00f3n Ciudadana de la Diputaci\u00f3n Provincial de C\u00e1diz y la direcci\u00f3n del centro, ambos comprendieron el error de la carteler\u00eda que se distribuy\u00f3 por el municipio gaditano alertando de la \u00abtransmisi\u00f3n de enfermedades\u00bb por parte de los felinos, as\u00ed como de que estos constitu\u00edan \u00abuna verdadera plaga\u00bb.<\/p>\n<p>Dado que el profesor que coordinaba los trabajos desconoc\u00eda totalmente la realidad de los felinos, l\u00f3gicamente no pudo transmitir a sus alumnos el mensaje correcto, por lo que se han puesto en comunicaci\u00f3n con colectivos animalistas, entre ellos miembros de PACMA en C\u00e1diz, con el fin de organizar unas charlas informativas para el pr\u00f3ximo curso, evitando que se puedan volver a repetir campa\u00f1as como \u00e9sta por no disponer de la informaci\u00f3n suficiente.<\/p>\n<p>Adem\u00e1s de ello, se ha obtenido el compromiso por parte de las autoridades locales de colaborar para llevar a cabo iniciativas como las emprendidas con \u00e9xito en otras ciudades (protocolo CES) y la implantaci\u00f3n de un modelo de colonias controladas.<\/p>\n<figure id=\"attachment_916\" aria-describedby=\"caption-attachment-916\" style=\"width: 210px\" class=\"wp-caption aligncenter\"><a href=\"https:\/\/democraciaactiva.eu\/wp-content\/uploads\/2015\/06\/E15244.jpg\" target=\"_blank\"><img decoding=\"async\" loading=\"lazy\" class=\"wp-image-916 size-medium\" src=\"https:\/\/democraciaactiva.eu\/wp-content\/uploads\/2015\/06\/E15244-210x300.jpg\" alt=\"E15244\" width=\"210\" height=\"300\" \/><\/a><figcaption id=\"caption-attachment-916\" class=\"wp-caption-text\">Respuesta del IES La Janda<\/figcaption><\/figure>\n<p>Atendiendo a la petici\u00f3n del Director del centro educativo, hacemos p\u00fablica su respuesta, esperando la pronta retirada de la campa\u00f1a actual sustituy\u00e9ndola por otra m\u00e1s acorde con la protecci\u00f3n animal. <\/p>\n","protected":false},"excerpt":{"rendered":"<div class=\"mh-excerpt\"><p>Desde el IES La Janda se ha recibido respuesta a la petici\u00f3n realizada semanas atr\u00e1s sobre su pol\u00e9mica campa\u00f1a por el supuesto problema de los <a class=\"mh-excerpt-more\" href=\"https:\/\/democraciaactiva.eu\/?p=915\" title=\"El IES La Janda retirar\u00e1 su campa\u00f1a sobre felinos en Vejer.\">[&#8230;]<\/a><\/p>\n<\/div>","protected":false},"author":1,"featured_media":0,"comment_status":"closed","ping_status":"open","sticky":false,"template":"","format":"standard","meta":[],"categories":[5,12,14],"tags":[],"_links":{"self":[{"href":"https:\/\/democraciaactiva.eu\/index.php?rest_route=\/wp\/v2\/posts\/915"}],"collection":[{"href":"https:\/\/democraciaactiva.eu\/index.php?rest_route=\/wp\/v2\/posts"}],"about":[{"href":"https:\/\/democraciaactiva.eu\/index.php?rest_route=\/wp\/v2\/types\/post"}],"author":[{"embeddable":true,"href":"https:\/\/democraciaactiva.eu\/index.php?rest_route=\/wp\/v2\/users\/1"}],"replies":[{"embeddable":true,"href":"https:\/\/democraciaactiva.eu\/index.php?rest_route=%2Fwp%2Fv2%2Fcomments&post=915"}],"version-history":[{"count":0,"href":"https:\/\/democraciaactiva.eu\/index.php?rest_route=\/wp\/v2\/posts\/915\/revisions"}],"wp:attachment":[{"href":"https:\/\/democraciaactiva.eu\/index.php?rest_route=%2Fwp%2Fv2%2Fmedia&parent=915"}],"wp:term":[{"taxonomy":"category","embeddable":true,"href":"https:\/\/democraciaactiva.eu\/index.php?rest_route=%2Fwp%2Fv2%2Fcategories&post=915"},{"taxonomy":"post_tag","embeddable":true,"href":"https:\/\/democraciaactiva.eu\/index.php?rest_route=%2Fwp%2Fv2%2Ftags&post=915"}],"curies":[{"name":"wp","href":"https:\/\/api.w.org\/{rel}","templated":true}]}}