{"id":90,"date":"2014-03-17T17:28:34","date_gmt":"2014-03-17T16:28:34","guid":{"rendered":"http:\/\/democraciaactiva.eu\/?p=90"},"modified":"2014-03-17T17:28:34","modified_gmt":"2014-03-17T16:28:34","slug":"solicitan-la-retirada-de-obstaculos-de-la-avda-ciro-gil","status":"publish","type":"post","link":"https:\/\/democraciaactiva.eu\/?p=90","title":{"rendered":"Solicitan la retirada de obst\u00e1culos de la Avda. Ciro Gil."},"content":{"rendered":"<p>La Asociaci\u00f3n Defensa Ciudadana Activa ha solicitado, siguiendo con su<strong> campa\u00f1a contra los obst\u00e1culos en las v\u00edas p\u00fablicas<\/strong>, la retirada de los impuestos en la Avda. Ciro Gil de Guadiaro.<\/p>\n<p>Estos obst\u00e1culos simulan en algunos casos pasos de peatones elevados, aunque <strong>incumplen totalmente la normativa en vigor e incluso crean barreras a discapacitado<\/strong>s, al conseguir con su elevada altura crear nuevos escalones sobre las aceras.<\/p>\n<p>Adem\u00e1s de ello, se han utilizado distintos colores en el pavimento, cuando<strong> el art. 168.c del Reglamento General de Circulaci\u00f3n proh\u00edbe expresamente la utilizaci\u00f3n de colores<\/strong> distintos al blanco y negro en los pasos de peatones. Tampoco se respeta la iluminaci\u00f3n espec\u00edfica que estos supuestos pasos de peatones deber\u00edan tener ni la distancia de las se\u00f1ales verticales de aviso.<\/p>\n<p>Todo ello, unido a los ya por desgracia habituales<strong> excesos en la altura y escasa dimensi\u00f3n de las rampas de entrada y salida,<\/strong> hacen que el colectivo pida su modificaci\u00f3n o supresi\u00f3n \u201cpor la seguridad vial, ya que es evidente el da\u00f1o diario que causan a los veh\u00edculos estos obst\u00e1culos forzando elementos de seguridad que no deber\u00edan ponerse a prueba en v\u00edas urbanas.\u201d, criticaron.<\/p>\n<p>Tras denunciar el estado de los resaltos m\u00e1s recientes, situados en el Camino del Almendral, DCA tiene previsto insistir en varios puntos conflictivos m\u00e1s que han sido objeto de queja por sus asociados, con car\u00e1cter previo a la denuncia contra los responsables \u201cen caso de que contin\u00faen impidiendo la normal circulaci\u00f3n de veh\u00edculos con grave riesgo de da\u00f1os en los mismos con la imposici\u00f3n de este tipo de barreras.\u201d<\/p>\n<p>En el caso concreto de la Avda. Ciro Gil se informar\u00e1 al Defensor del Pueblo y la Comisi\u00f3n de Accesibilidad de la Junta de Andaluc\u00eda,<strong> \u201cdado lo absurdo que resultan tantas campa\u00f1as de accesibilidad cuando luego es la propia administraci\u00f3n la que crea barreras levantando escalones en acerados que no los ten\u00edan.\u201d<\/strong>, finalizaron.<\/p>\n<p><a href=\"https:\/\/democraciaactiva.eu\/wp-content\/uploads\/2014\/03\/Re-Badenes-Ciro-Gil.jpg\"><img decoding=\"async\" loading=\"lazy\" class=\"aligncenter size-medium wp-image-95\" alt=\"Re Badenes Ciro Gil\" src=\"https:\/\/democraciaactiva.eu\/wp-content\/uploads\/2014\/03\/Re-Badenes-Ciro-Gil-300x225.jpg\" width=\"300\" height=\"225\" \/><\/a><a href=\"https:\/\/democraciaactiva.eu\/wp-content\/uploads\/2014\/03\/Re-Badenes-Ciro-Gil-1.jpg\"><img decoding=\"async\" loading=\"lazy\" class=\"aligncenter size-medium wp-image-94\" alt=\"Re Badenes Ciro Gil 1\" src=\"https:\/\/democraciaactiva.eu\/wp-content\/uploads\/2014\/03\/Re-Badenes-Ciro-Gil-1-300x225.jpg\" width=\"300\" height=\"225\" \/><\/a><a href=\"https:\/\/democraciaactiva.eu\/wp-content\/uploads\/2014\/03\/Re-Badenes-Ciro-Gil-2.jpg\"><img decoding=\"async\" loading=\"lazy\" class=\"aligncenter size-medium wp-image-93\" alt=\"Re Badenes Ciro Gil 2\" src=\"https:\/\/democraciaactiva.eu\/wp-content\/uploads\/2014\/03\/Re-Badenes-Ciro-Gil-2-300x225.jpg\" width=\"300\" height=\"225\" \/><\/a> <\/p>\n","protected":false},"excerpt":{"rendered":"<div class=\"mh-excerpt\"><p>La Asociaci\u00f3n Defensa Ciudadana Activa ha solicitado, siguiendo con su campa\u00f1a contra los obst\u00e1culos en las v\u00edas p\u00fablicas, la retirada de los impuestos en la <a class=\"mh-excerpt-more\" href=\"https:\/\/democraciaactiva.eu\/?p=90\" title=\"Solicitan la retirada de obst\u00e1culos de la Avda. Ciro Gil.\">[&#8230;]<\/a><\/p>\n<\/div>","protected":false},"author":1,"featured_media":0,"comment_status":"open","ping_status":"open","sticky":false,"template":"","format":"standard","meta":[],"categories":[12],"tags":[],"_links":{"self":[{"href":"https:\/\/democraciaactiva.eu\/index.php?rest_route=\/wp\/v2\/posts\/90"}],"collection":[{"href":"https:\/\/democraciaactiva.eu\/index.php?rest_route=\/wp\/v2\/posts"}],"about":[{"href":"https:\/\/democraciaactiva.eu\/index.php?rest_route=\/wp\/v2\/types\/post"}],"author":[{"embeddable":true,"href":"https:\/\/democraciaactiva.eu\/index.php?rest_route=\/wp\/v2\/users\/1"}],"replies":[{"embeddable":true,"href":"https:\/\/democraciaactiva.eu\/index.php?rest_route=%2Fwp%2Fv2%2Fcomments&post=90"}],"version-history":[{"count":0,"href":"https:\/\/democraciaactiva.eu\/index.php?rest_route=\/wp\/v2\/posts\/90\/revisions"}],"wp:attachment":[{"href":"https:\/\/democraciaactiva.eu\/index.php?rest_route=%2Fwp%2Fv2%2Fmedia&parent=90"}],"wp:term":[{"taxonomy":"category","embeddable":true,"href":"https:\/\/democraciaactiva.eu\/index.php?rest_route=%2Fwp%2Fv2%2Fcategories&post=90"},{"taxonomy":"post_tag","embeddable":true,"href":"https:\/\/democraciaactiva.eu\/index.php?rest_route=%2Fwp%2Fv2%2Ftags&post=90"}],"curies":[{"name":"wp","href":"https:\/\/api.w.org\/{rel}","templated":true}]}}