{"id":895,"date":"2013-12-08T07:33:56","date_gmt":"2013-12-08T07:33:56","guid":{"rendered":"http:\/\/democraciaactiva.eu\/?p=7"},"modified":"2013-12-08T07:33:56","modified_gmt":"2013-12-08T07:33:56","slug":"entrada-de-prueba","status":"publish","type":"post","link":"https:\/\/democraciaactiva.eu\/?p=895","title":{"rendered":"Accesibilidad para pol\u00edticos demagogos."},"content":{"rendered":"<p>En estos d\u00edas hemos visto celebraciones y actividades con el objetivo de concienciar, sobre todo a los m\u00e1s peque\u00f1os, de la importancia de que todo sea accesible para todos. De la igualdad de oportunidades en definitiva.<br \/>\nLa chispa salta cuando quienes promueven esas acciones tan solidarias son los mismos que crean d\u00eda tras d\u00eda barreras que ser\u00edan f\u00e1cilmente evitables, dando muestras de una demagogia sin l\u00edmites s\u00f3lo al alcance de unos pocos. No podemos evitar la sensaci\u00f3n de que algo falla en un sistema en el que ciertas personas presumen de que tal o cual charla a los ni\u00f1os para concienciarles mientras demuestran activamente que ellos mismos no han aprendido nada. Y para muestra, unos botones:<\/p>\n<p><a href=\"https:\/\/democraciaactiva.eu\/wp-content\/uploads\/2013\/12\/Polit\u00e9cnica1.jpg\"><img decoding=\"async\" loading=\"lazy\" class=\"size-medium wp-image-11 alignleft\" alt=\"EUPSA\" src=\"https:\/\/democraciaactiva.eu\/wp-content\/uploads\/2013\/12\/Polit\u00e9cnica1-300x225.jpg\" width=\"300\" height=\"225\" \/><\/a>En la Escuela Polit\u00e9cnica Superior de Algeciras no se les ha ocurrido otro adorno para la escalera que esta plataforma. y digo adorno porque si cualquiera intenta acceder a los mandos para usarla de forma aut\u00f3noma comprobar\u00e1 varias problemas. Primero que por la altura de los mandos dif\u00edcilmente vamos a poder llegar desde una silla de ruedas. Pero luego, si osamos intentarlo, deberemos sortear el imprescindible banco para sentarse los alumnos que han colocado en la parte superior, o la impresionante mesita para folletos y publicidad variada que han colocado abajo. \u00bfLa soluci\u00f3n?: seg\u00fan los presentes llamar al conserje, aunque en tantas charlas sobre accesibilidad nadie explica que haya que depender de\u00a0otros para ejercer un derecho fundamental como la igualdad de oportunidades. \u00bfSeguimos paseando?<\/p>\n<p><a href=\"https:\/\/democraciaactiva.eu\/wp-content\/uploads\/2013\/12\/Parada-Bus-Algeciras.jpg\"><img decoding=\"async\" loading=\"lazy\" class=\"size-medium wp-image-12 alignleft\" alt=\"Parada Bus Algeciras\" src=\"https:\/\/democraciaactiva.eu\/wp-content\/uploads\/2013\/12\/Parada-Bus-Algeciras-300x225.jpg\" width=\"300\" height=\"225\" \/><\/a>\u00a0Ahora intentemos coger un autob\u00fas. Mucha publicidad sobre lo accesibles que son, cuentan con rampa de acceso, pero&#8230; \u00bfc\u00f3mo saltamos desde la parada?&#8230; Ahh&#8230; que a ning\u00fan t\u00e9cnico o responsable se le ocurri\u00f3 que poner un bordillo que sobrepasa casi el doble el m\u00e1ximo de altura permitido por la normativa fuera un problema&#8230; como quedan tan bonitos&#8230; En este caso no hay empleados municipales que ayuden a bajar a nadie, as\u00ed que&#8230; a depender de la caridad y paciencia del conductor y pasajeros por si se puede subir&#8230; alg\u00fan d\u00eda. El sitio es la Playa de Getares, en Algeciras, y tambi\u00e9n cuenta con unas excelentes barras anti-motos en su acceso trasero para prohibir el paso a los ciudadanos que pretendan entrar por ah\u00ed.<\/p>\n<p>Antimotos que vulneran total y absolutamente cuanta normativa de accesibilidad exista, pero que siguen creciendo en las ciudades con la permisividad de las autoridades. Estas barreras no se saltan ni con la ayuda de una docena de buenos samaritanos, por lo que, en el caso concreto de esta plaza (Plaza del Para\u00edso creo que se llama, en Algeciras) el acceso resulta imposible para determinados ciudadanos. Prohibido por la autoridad competente. En otros, se pueden buscar itinerarios alternativos. Y luego van a charlitas sobre accesibilidad y salen tan anchos.<\/p>\n<p><a href=\"https:\/\/democraciaactiva.eu\/wp-content\/uploads\/2013\/12\/Cinecite1.jpg\"><img decoding=\"async\" loading=\"lazy\" class=\"alignleft size-medium wp-image-14\" alt=\"Cinecite1\" src=\"https:\/\/democraciaactiva.eu\/wp-content\/uploads\/2013\/12\/Cinecite1-300x225.jpg\" width=\"300\" height=\"225\" \/><\/a>Este es otro de los claros ejemplos de c\u00f3mo el inter\u00e9s de las empresas puede primar sobre el de los ciudadanos. En el Cin\u00e9 Cit\u00e9 de Los Barrios no se les ocurri\u00f3 otra que cerrar con barreras de hormig\u00f3n el ancho disponible para el paso de sillas de ruedas, justo en las plazas de discapacitados y todo el per\u00edmetro del aparcamiento. \u00bfResultado?: imposible entrar con una silla de ruedas. \u00bfMotivo?: el alunizaje varios d\u00edas atr\u00e1s de veh\u00edculos en una tienda de telefon\u00eda del centro comercial.<\/p>\n<p>Lo m\u00e1s curioso es que al parecer \u00abnadie lo hab\u00eda visto\u00bb, ning\u00fan irresponsable municipal se daba por aludido, y s\u00f3lo tras denunciarlo la Polic\u00eda Local oblig\u00f3 a abrir una zona de acceso.<\/p>\n<p><a href=\"https:\/\/democraciaactiva.eu\/wp-content\/uploads\/2013\/12\/Baden1.jpg\"><img decoding=\"async\" loading=\"lazy\" class=\"alignleft size-medium wp-image-15\" alt=\"Baden1\" src=\"https:\/\/democraciaactiva.eu\/wp-content\/uploads\/2013\/12\/Baden1-300x225.jpg\" width=\"300\" height=\"225\" \/><\/a><a href=\"https:\/\/democraciaactiva.eu\/wp-content\/uploads\/2013\/12\/Baden2.jpg\"><img decoding=\"async\" loading=\"lazy\" class=\"wp-image-16 alignleft\" alt=\"Baden2\" src=\"https:\/\/democraciaactiva.eu\/wp-content\/uploads\/2013\/12\/Baden2-300x148.jpg\" width=\"300\" height=\"225\" \/><\/a>En esta ocasi\u00f3n podemos apreciar c\u00f3mo nuevamente ciertos irresponsables, a los que adem\u00e1s luego se les ve acudir a charlas sobre accesibilidad (a dormir supongo, porque no parecen enterarse) crean barreras a cada d\u00eda. Aunque la normativa es clara respecto a los pasos de peatones, en San Roque insisten en elevarlos sobre la acera creando estos escalones que dificultan el acceso.<\/p>\n<p>Con un carro de beb\u00e9 a\u00fan es posible sortearlos, pero con una silla de ruedas entrar al paso de peatones se complica bastante. \u00bfPor qu\u00e9 construyen esas barreras?, \u00bftan inconscientes pueden llegar a ser? Pues en la zona en cuesti\u00f3n de estos ejemplos incluso tienen un Delegado de zona que, adem\u00e1s de cobrar 3 mil euritos al mes, pasa a diario por ellos&#8230; eso s\u00ed, luego ir\u00e1 a charlas sobre accesibilidad y \u00abconcienciar\u00e1\u00bb a los ni\u00f1os sobre la importancia de cumplir la normativa y tal y tal&#8230; \u00a1a ver para cu\u00e1ndo se aprende la lecci\u00f3n!<\/p>\n<p><a href=\"https:\/\/democraciaactiva.eu\/wp-content\/uploads\/2013\/12\/Ascensor-1.jpg\"><img decoding=\"async\" loading=\"lazy\" class=\"size-medium wp-image-18 alignleft\" alt=\"Ascensor 1\" src=\"https:\/\/democraciaactiva.eu\/wp-content\/uploads\/2013\/12\/Ascensor-1-225x300.jpg\" width=\"225\" height=\"300\" \/><\/a>Y por \u00faltimo, de momento, aqu\u00ed tenemos un ejemplo m\u00e1s de c\u00f3mo las instituciones se doblegan ante las empresas. Esta es la entrada al ascensor del Ayuntamiento de San Roque. \u00bfMedidas del acceso?&#8230; no hay que sacar la regla para ver que son insuficientes. Pero como ocurr\u00eda en el Cine de Los Barrios, vuelve a anteponerse el\u00a0\u00e1nimo de lucro\u00a0a los derechos de los\u00a0ciudadanos.<\/p>\n<p>No pod\u00edan permitir que los empleados pasaran la ma\u00f1ana sin poder comerse unas patatitas, as\u00ed que&#8230; \u00bfqu\u00e9 mejor lugar para instalar las m\u00e1quinas que en la puerta del ascensor? Si luego alguien no puede pasar le invitamos a unas y todos contentos.<\/p>\n<p>Igual hab\u00eda que meter esas m\u00e1quinas en el despacho de la Alcald\u00eda si son tan importantes, que seguro que all\u00ed no estorban. Lamentablemente basta salir a la calle para encontrar centenares de ejemplos casi en cada calle. Eso s\u00ed, no faltar\u00e1n pol\u00edticos que salgan a hacerse la foto de rigor en charlas sobre accesibilidad mientras permiten e incluso firman actuaciones que cada d\u00eda nos ponen m\u00e1s dif\u00edcil una accesibilidad real.<\/p>\n<p>&nbsp;<\/p>\n<p>&nbsp; <\/p>\n","protected":false},"excerpt":{"rendered":"<div class=\"mh-excerpt\"><p>En estos d\u00edas hemos visto celebraciones y actividades con el objetivo de concienciar, sobre todo a los m\u00e1s peque\u00f1os, de la importancia de que todo <a class=\"mh-excerpt-more\" href=\"https:\/\/democraciaactiva.eu\/?p=895\" title=\"Accesibilidad para pol\u00edticos demagogos.\">[&#8230;]<\/a><\/p>\n<\/div>","protected":false},"author":1,"featured_media":0,"comment_status":"open","ping_status":"open","sticky":false,"template":"","format":"standard","meta":[],"categories":[3,5,8],"tags":[],"_links":{"self":[{"href":"https:\/\/democraciaactiva.eu\/index.php?rest_route=\/wp\/v2\/posts\/895"}],"collection":[{"href":"https:\/\/democraciaactiva.eu\/index.php?rest_route=\/wp\/v2\/posts"}],"about":[{"href":"https:\/\/democraciaactiva.eu\/index.php?rest_route=\/wp\/v2\/types\/post"}],"author":[{"embeddable":true,"href":"https:\/\/democraciaactiva.eu\/index.php?rest_route=\/wp\/v2\/users\/1"}],"replies":[{"embeddable":true,"href":"https:\/\/democraciaactiva.eu\/index.php?rest_route=%2Fwp%2Fv2%2Fcomments&post=895"}],"version-history":[{"count":0,"href":"https:\/\/democraciaactiva.eu\/index.php?rest_route=\/wp\/v2\/posts\/895\/revisions"}],"wp:attachment":[{"href":"https:\/\/democraciaactiva.eu\/index.php?rest_route=%2Fwp%2Fv2%2Fmedia&parent=895"}],"wp:term":[{"taxonomy":"category","embeddable":true,"href":"https:\/\/democraciaactiva.eu\/index.php?rest_route=%2Fwp%2Fv2%2Fcategories&post=895"},{"taxonomy":"post_tag","embeddable":true,"href":"https:\/\/democraciaactiva.eu\/index.php?rest_route=%2Fwp%2Fv2%2Ftags&post=895"}],"curies":[{"name":"wp","href":"https:\/\/api.w.org\/{rel}","templated":true}]}}