{"id":885,"date":"2015-06-10T10:53:04","date_gmt":"2015-06-10T09:53:04","guid":{"rendered":"http:\/\/democraciaactiva.eu\/?p=885"},"modified":"2015-06-10T10:53:04","modified_gmt":"2015-06-10T09:53:04","slug":"dca-critica-la-campana-contra-los-gatos-en-vejer-de-la-frontera","status":"publish","type":"post","link":"https:\/\/democraciaactiva.eu\/?p=885","title":{"rendered":"DCA critica la campa\u00f1a contra los gatos en Vejer de la Frontera"},"content":{"rendered":"<p>Esta ma\u00f1ana se recibi\u00f3 informaci\u00f3n de una campa\u00f1a realizada en Vejer de la Frontera, supuestamente por el I.E.S. La Janda junto a la Diputaci\u00f3n Provincial de C\u00e1diz, consistente en la <strong>difusi\u00f3n de unos carteles advirtiendo del peligro de los gatos callejeros<\/strong>.<\/p>\n<p>Puestos en contacto con la Diputaci\u00f3n Provincial (\u00e1rea de Medio Ambiente) y con el\u00a0I.E.S. La Janda, no ten\u00edan conocimiento alguno de la campa\u00f1a. Desde el Ayuntamiento de Vejer, el Concejal de Participaci\u00f3n Ciudadana s\u00ed conoc\u00eda la campa\u00f1a que al parecer ha sido creada por un profesor del Instituto en colaboraci\u00f3n con sus alumnos.<\/p>\n<p><img decoding=\"async\" loading=\"lazy\" class=\"aligncenter wp-image-886 size-large\" src=\"https:\/\/democraciaactiva.eu\/wp-content\/uploads\/2015\/06\/Gatos-vejer-768x1024.jpg\" alt=\"Gatos vejer\" width=\"450\" height=\"600\" \/><\/p>\n<p>Desde esta Asociaci\u00f3n, a\u00fan sin tener fines de protecci\u00f3n animal, entendemos que <strong>no se deben lanzar mensajes de dudosa interpretaci\u00f3n<\/strong>, sin consultarlo al menos con las entidades cuya imagen se comprometa. Por ello<strong> hemos recomendado al Ayuntamiento de Vejer que intervenga para retirar dicha campa\u00f1a<\/strong> antes de que pueda ser objeto de denuncia debido al mensaje que puede transmitir. Igualmente recomendamos a las entidades aludidas por la campa\u00f1a que llamen la atenci\u00f3n de sus autores al objeto de <strong>no utilizar la imagen de las instituciones p\u00fablicas sin autorizaci\u00f3n expresa de \u00e9stas<\/strong>.<\/p>\n<p>&nbsp; <\/p>\n","protected":false},"excerpt":{"rendered":"<div class=\"mh-excerpt\"><p>Esta ma\u00f1ana se recibi\u00f3 informaci\u00f3n de una campa\u00f1a realizada en Vejer de la Frontera, supuestamente por el I.E.S. La Janda junto a la Diputaci\u00f3n Provincial <a class=\"mh-excerpt-more\" href=\"https:\/\/democraciaactiva.eu\/?p=885\" title=\"DCA critica la campa\u00f1a contra los gatos en Vejer de la Frontera\">[&#8230;]<\/a><\/p>\n<\/div>","protected":false},"author":1,"featured_media":0,"comment_status":"closed","ping_status":"open","sticky":false,"template":"","format":"standard","meta":[],"categories":[5],"tags":[],"_links":{"self":[{"href":"https:\/\/democraciaactiva.eu\/index.php?rest_route=\/wp\/v2\/posts\/885"}],"collection":[{"href":"https:\/\/democraciaactiva.eu\/index.php?rest_route=\/wp\/v2\/posts"}],"about":[{"href":"https:\/\/democraciaactiva.eu\/index.php?rest_route=\/wp\/v2\/types\/post"}],"author":[{"embeddable":true,"href":"https:\/\/democraciaactiva.eu\/index.php?rest_route=\/wp\/v2\/users\/1"}],"replies":[{"embeddable":true,"href":"https:\/\/democraciaactiva.eu\/index.php?rest_route=%2Fwp%2Fv2%2Fcomments&post=885"}],"version-history":[{"count":0,"href":"https:\/\/democraciaactiva.eu\/index.php?rest_route=\/wp\/v2\/posts\/885\/revisions"}],"wp:attachment":[{"href":"https:\/\/democraciaactiva.eu\/index.php?rest_route=%2Fwp%2Fv2%2Fmedia&parent=885"}],"wp:term":[{"taxonomy":"category","embeddable":true,"href":"https:\/\/democraciaactiva.eu\/index.php?rest_route=%2Fwp%2Fv2%2Fcategories&post=885"},{"taxonomy":"post_tag","embeddable":true,"href":"https:\/\/democraciaactiva.eu\/index.php?rest_route=%2Fwp%2Fv2%2Ftags&post=885"}],"curies":[{"name":"wp","href":"https:\/\/api.w.org\/{rel}","templated":true}]}}