{"id":878,"date":"2015-06-08T10:38:28","date_gmt":"2015-06-08T09:38:28","guid":{"rendered":"http:\/\/democraciaactiva.eu\/?p=878"},"modified":"2015-06-08T10:38:28","modified_gmt":"2015-06-08T09:38:28","slug":"educacion-adaptara-el-aseo-del-ramon-lago-este-verano","status":"publish","type":"post","link":"https:\/\/democraciaactiva.eu\/?p=878","title":{"rendered":"Educaci\u00f3n adaptar\u00e1 el aseo del Ram\u00f3n Lago este verano."},"content":{"rendered":"<p>Hace unos d\u00edas se recibi\u00f3 contestaci\u00f3n, es de suponer que definitiva en cuanto \u00a0a su reforma, de la Delegaci\u00f3n Territorial\u00a0de Educaci\u00f3n en M\u00e1laga sobre el caso del aseo convertido en sala de desayunos del CEIP Ram\u00f3n Lago de Cancelada (Estepona).<\/p>\n<p>En su escrito, la administraci\u00f3n educativa afirma que la actuaci\u00f3n para <strong>\u00abtransformaci\u00f3n de la sala de desayunos existente en el CEIP Ram\u00f3n Lago a aseo adaptado\u00bb<\/strong>, es decir, lo contrario a lo que los responsables del centro han permitido al parecer sin licencia alguna, se realizar\u00e1 dentro del programa de obras de escolarizaci\u00f3n para verano 2.015.<\/p>\n<p>De esta forma, la restituci\u00f3n de la legalidad con <strong>la eliminaci\u00f3n de esa \u00absala de desayunos\u00bb se llevar\u00e1 a cabo tras m\u00e1s de una d\u00e9cada<\/strong> (seg\u00fan las manifestaciones de los responsables) sin poder utilizar el aseo adaptado, y dos a\u00f1os de peticiones de una madre afectada por la ausencia de accesibilidad del Colegio, desmintiendo las manifestaciones de distintas personas o colectivos que justificaban la plena accesibilidad del centro. Como indicamos anteriormente, si a estas personas o colectivos no les importa la accesibilidad de sus centros <strong>s\u00f3lo les pedimos que no estorben, que sigan mirando para otro lado si quieren, pero no traten de coartar el leg\u00edtimo derecho de\u00a0los afectados a\u00a0exigir sus derechos.<\/strong><a href=\"https:\/\/democraciaactiva.eu\/wp-content\/uploads\/2015\/06\/E15238.jpg\"><img decoding=\"async\" loading=\"lazy\" class=\"aligncenter size-medium wp-image-879\" src=\"https:\/\/democraciaactiva.eu\/wp-content\/uploads\/2015\/06\/E15238-209x300.jpg\" alt=\"E15238\" width=\"209\" height=\"300\" \/><\/a><\/p>\n<p>Desde DCA esperaremos confirmaci\u00f3n de que la obra se realiza efectivamente, pero <strong>ello no significa que el expediente se cierre sin conocer las causas que han dado lugar a este tipo de infracciones<\/strong> que, seg\u00fan nos manifiesta la inspecci\u00f3n de educaci\u00f3n, no consideran importantes porque ocurren en cientos de centros.<\/p>\n<p>De hecho, responsables municipales pon\u00edan ejemplos de otros centros con mayores problemas a\u00fan de accesibilidad para restar importancia a la ausencia de aseo adaptado en el Ram\u00f3n Lago. <strong>\u00bfQu\u00e9 esperan entonces?, \u00bfque inspeccionemos uno por uno todos los centros p\u00fablicos?<\/strong>, \u00bfpara qu\u00e9 se supone que pagamos a directores, Delegados Provinciales, Inspectores, y toda una legi\u00f3n de empleados p\u00fablicos en la administraci\u00f3n educativa?, \u00bfpara que miren para otro lado hasta que les denunciemos?<\/p>\n<p>El organismo responsable de la reforma, seg\u00fan el escrito de la Consejer\u00eda de Educaci\u00f3n, Cultura y Deporte en M\u00e1laga ser\u00eda la Agencia P\u00fablica Andaluza de Educaci\u00f3n y Formaci\u00f3n, quien ya facilit\u00f3 los planos del edificio y justific\u00f3 su falta de competencia en estas obras, toda vez que el centro de primaria se entregar\u00eda plenamente adaptado pasando a manos municipales desde ese momento. Sin embargo desde la inspecci\u00f3n educativa se informa de que el centro no se entreg\u00f3 adaptado, lo cual indicar\u00eda que la sala de desayunos llevaba all\u00ed desde el a\u00f1o 1.990 y se recepcion\u00f3 el centro sin cumplir el proyecto de la obra.<\/p>\n<p>Por ello se hace necesario volver a consultar qui\u00e9n es competente de qu\u00e9 cuestiones,\u00a0m\u00e1xime si nos van a obligar a revisar la situaci\u00f3n de otros centros, de modo que los cauces para solicitar informaci\u00f3n y\/o actuaciones sean claros para todos los ciudadanos.<\/p>\n<p>Otros enlaces del expediente:<\/p>\n<p><a href=\"https:\/\/democraciaactiva.eu\/?p=290\" target=\"_blank\">CEIP Ram\u00f3n Lago de Estepona, donde la accesibilidad es una broma.<\/a><\/p>\n<p><a href=\"https:\/\/democraciaactiva.eu\/?p=769\" target=\"_blank\">\u00bfJugamos a pasarnos la pelota?<\/a><\/p>\n<p><a href=\"https:\/\/democraciaactiva.eu\/?p=789\" target=\"_blank\">Educaci\u00f3n confirma que el CEIP Ram\u00f3n Lago ten\u00eda aseo adaptado<br \/>\n<\/a><\/p>\n<p><a href=\"https:\/\/democraciaactiva.eu\/?p=822\" target=\"_blank\">DCA pide m\u00e1s documentaci\u00f3n sobre la reforma del CEIP Ram\u00f3n Lago<\/a><\/p>\n<p><a href=\"https:\/\/democraciaactiva.eu\/?p=290\" target=\"_blank\">\u00a0<\/a> <\/p>\n","protected":false},"excerpt":{"rendered":"<div class=\"mh-excerpt\"><p>Hace unos d\u00edas se recibi\u00f3 contestaci\u00f3n, es de suponer que definitiva en cuanto \u00a0a su reforma, de la Delegaci\u00f3n Territorial\u00a0de Educaci\u00f3n en M\u00e1laga sobre el <a class=\"mh-excerpt-more\" href=\"https:\/\/democraciaactiva.eu\/?p=878\" title=\"Educaci\u00f3n adaptar\u00e1 el aseo del Ram\u00f3n Lago este verano.\">[&#8230;]<\/a><\/p>\n<\/div>","protected":false},"author":1,"featured_media":0,"comment_status":"closed","ping_status":"open","sticky":false,"template":"","format":"standard","meta":[],"categories":[3,5,8],"tags":[],"_links":{"self":[{"href":"https:\/\/democraciaactiva.eu\/index.php?rest_route=\/wp\/v2\/posts\/878"}],"collection":[{"href":"https:\/\/democraciaactiva.eu\/index.php?rest_route=\/wp\/v2\/posts"}],"about":[{"href":"https:\/\/democraciaactiva.eu\/index.php?rest_route=\/wp\/v2\/types\/post"}],"author":[{"embeddable":true,"href":"https:\/\/democraciaactiva.eu\/index.php?rest_route=\/wp\/v2\/users\/1"}],"replies":[{"embeddable":true,"href":"https:\/\/democraciaactiva.eu\/index.php?rest_route=%2Fwp%2Fv2%2Fcomments&post=878"}],"version-history":[{"count":0,"href":"https:\/\/democraciaactiva.eu\/index.php?rest_route=\/wp\/v2\/posts\/878\/revisions"}],"wp:attachment":[{"href":"https:\/\/democraciaactiva.eu\/index.php?rest_route=%2Fwp%2Fv2%2Fmedia&parent=878"}],"wp:term":[{"taxonomy":"category","embeddable":true,"href":"https:\/\/democraciaactiva.eu\/index.php?rest_route=%2Fwp%2Fv2%2Fcategories&post=878"},{"taxonomy":"post_tag","embeddable":true,"href":"https:\/\/democraciaactiva.eu\/index.php?rest_route=%2Fwp%2Fv2%2Ftags&post=878"}],"curies":[{"name":"wp","href":"https:\/\/api.w.org\/{rel}","templated":true}]}}