{"id":870,"date":"2015-05-28T13:26:42","date_gmt":"2015-05-28T12:26:42","guid":{"rendered":"http:\/\/democraciaactiva.eu\/?p=870"},"modified":"2015-05-28T13:26:42","modified_gmt":"2015-05-28T12:26:42","slug":"el-psoe-de-espartinas-carga-contra-los-ciudadanos-por-sus-malos-resultados","status":"publish","type":"post","link":"https:\/\/democraciaactiva.eu\/?p=870","title":{"rendered":"El PSOE de Espartinas carga contra los ciudadanos por sus malos resultados."},"content":{"rendered":"<p>Desde Defensa Ciudadana Activa <strong>rechazamos totalmente la actitud que la Agrupaci\u00f3n Socialista de Espartinas ha tenido con la Delegada de DCA en su localidad<\/strong>, presidenta desde hace unos meses\u00a0de la Asociaci\u00f3n Ciudadanos de Espartinas.<\/p>\n<p>Seg\u00fan leemos en la web oficial de la Agrupaci\u00f3n Socialista de Espartinas, alguien con acceso a la misma ha publicado diferentes calumnias (porque acusa de delitos) contra esta persona, adem\u00e1s de todo tipo de injurias destinadas obviamente a menoscabar su honor.<\/p>\n<p>Tal vez esa publicaci\u00f3n sea s\u00f3lo fruto de la <strong>obsesi\u00f3n de personas concretas que no han podido reprimir sus sentimientos tras el mal resultado electoral<\/strong> del pasado 24 de mayo y lo pagan con quienes consideran, err\u00f3neamente, sus enemigos.<\/p>\n<p>L\u00f3gicamente toca acci\u00f3n de este tipo tiene sus consecuencias, y la difusi\u00f3n de datos personales y de afiliaci\u00f3n -a\u00fan siendo err\u00f3neos- de una ciudadana deber\u00e1n corregirse por los medios oportunos, que deber\u00edan ser de p\u00fablico conocimiento para garantizar la defensa de los ciudadanos ante atropellos como \u00e9ste. Lamentablemente el autor de la \u00abnoticia\u00bb no ha firmado con su nombre, por lo que se considerar\u00e1 responsable a la Agrupaci\u00f3n Socialista de Espartinas, propietaria del dominio alojado en seg\u00fan su whois (que por cierto tiene su correo de contacto\u00a0sin actualizar).<\/p>\n<p>Siguiendo\u00a0el protocolo recomendado en estos casos, en breve recibir\u00e1n notificaci\u00f3n solicitando la rectificaci\u00f3n de ese texto, al tiempo que se remitir\u00e1n los hechos a la Agencia Espa\u00f1ola de Protecci\u00f3n de Datos, donde por cierto tambi\u00e9n han olvidado inscribir su fichero de militantes, en relaci\u00f3n a la publicaci\u00f3n de datos personales, para posteriormente seguir las v\u00edas judiciales que procedan.<\/p>\n<p>Esperamos conocer las \u00abpruebas\u00bb de los delitos que seg\u00fan el autor de <a href=\"http:\/\/psoeespartinas.es\/2015\/05\/28\/comunicado-oficial-sobre-rumores-y-mentiras\/\" target=\"_blank\">semejante \u00abart\u00edculo\u00bb<\/a> ha cometido nuestra representante en Espartinas.<a href=\"https:\/\/democraciaactiva.eu\/wp-content\/uploads\/2015\/05\/Rumores.jpg\"><img decoding=\"async\" loading=\"lazy\" class=\"aligncenter size-medium wp-image-875\" src=\"https:\/\/democraciaactiva.eu\/wp-content\/uploads\/2015\/05\/Rumores-300x166.jpg\" alt=\"Rumores\" width=\"300\" height=\"166\" \/><\/a> <\/p>\n","protected":false},"excerpt":{"rendered":"<div class=\"mh-excerpt\"><p>Desde Defensa Ciudadana Activa rechazamos totalmente la actitud que la Agrupaci\u00f3n Socialista de Espartinas ha tenido con la Delegada de DCA en su localidad, presidenta <a class=\"mh-excerpt-more\" href=\"https:\/\/democraciaactiva.eu\/?p=870\" title=\"El PSOE de Espartinas carga contra los ciudadanos por sus malos resultados.\">[&#8230;]<\/a><\/p>\n<\/div>","protected":false},"author":1,"featured_media":0,"comment_status":"closed","ping_status":"open","sticky":false,"template":"","format":"standard","meta":[],"categories":[12],"tags":[],"_links":{"self":[{"href":"https:\/\/democraciaactiva.eu\/index.php?rest_route=\/wp\/v2\/posts\/870"}],"collection":[{"href":"https:\/\/democraciaactiva.eu\/index.php?rest_route=\/wp\/v2\/posts"}],"about":[{"href":"https:\/\/democraciaactiva.eu\/index.php?rest_route=\/wp\/v2\/types\/post"}],"author":[{"embeddable":true,"href":"https:\/\/democraciaactiva.eu\/index.php?rest_route=\/wp\/v2\/users\/1"}],"replies":[{"embeddable":true,"href":"https:\/\/democraciaactiva.eu\/index.php?rest_route=%2Fwp%2Fv2%2Fcomments&post=870"}],"version-history":[{"count":0,"href":"https:\/\/democraciaactiva.eu\/index.php?rest_route=\/wp\/v2\/posts\/870\/revisions"}],"wp:attachment":[{"href":"https:\/\/democraciaactiva.eu\/index.php?rest_route=%2Fwp%2Fv2%2Fmedia&parent=870"}],"wp:term":[{"taxonomy":"category","embeddable":true,"href":"https:\/\/democraciaactiva.eu\/index.php?rest_route=%2Fwp%2Fv2%2Fcategories&post=870"},{"taxonomy":"post_tag","embeddable":true,"href":"https:\/\/democraciaactiva.eu\/index.php?rest_route=%2Fwp%2Fv2%2Ftags&post=870"}],"curies":[{"name":"wp","href":"https:\/\/api.w.org\/{rel}","templated":true}]}}