{"id":864,"date":"2015-05-27T13:40:40","date_gmt":"2015-05-27T12:40:40","guid":{"rendered":"http:\/\/democraciaactiva.eu\/?p=864"},"modified":"2015-05-27T13:40:40","modified_gmt":"2015-05-27T12:40:40","slug":"santurtzi-se-luce-demostrando-como-gestionan-las-multas-por-pmr","status":"publish","type":"post","link":"https:\/\/democraciaactiva.eu\/?p=864","title":{"rendered":"Santurtzi se luce demostrando c\u00f3mo gestionan las multas por PMR&#8230;"},"content":{"rendered":"<p>El pasado a\u00f1o remitimos una denuncia voluntaria por estacionamiento en plaza de movilidad reducida al Ayuntamiento de Santurtzi, esperando tuvieran en cuenta la problem\u00e1tica de estas plazas y vigilaran algo m\u00e1s que fueran respetadas.<\/p>\n<p>La primera contestaci\u00f3n la recibimos el pasado mes de febrero, cuando <strong>el instructor entend\u00eda que como persona jur\u00eddica no pod\u00edamos realizar este tipo de denuncias<\/strong>. Teniendo en cuenta que no era la primera, y que incluso la Guardia Civil de Tr\u00e1fico hab\u00eda tramitado algunas anteriormente, evidentemente no pod\u00edamos estar de acuerdo y deb\u00edamos insistir. O\u00a0denuncias las infracciones en las PMR o denunciar\u00edamos m\u00e1s,\u00a0de modo que entendieran que pasar del tema no era una opci\u00f3n.<\/p>\n<p><a href=\"https:\/\/democraciaactiva.eu\/wp-content\/uploads\/2015\/05\/E15226.jpg\"><img decoding=\"async\" loading=\"lazy\" class=\"aligncenter size-medium wp-image-866\" src=\"https:\/\/democraciaactiva.eu\/wp-content\/uploads\/2015\/05\/E15226-295x300.jpg\" alt=\"E15226\" width=\"295\" height=\"300\" \/><\/a><\/p>\n<p>El resultado deber\u00eda ser la continuaci\u00f3n del expediente&#8230; la propuesta de sanci\u00f3n para el infractor o infractora&#8230; pero no, hablamos de Santurtzi, y ah\u00ed se tramitan de forma diferente&#8230; as\u00ed que hoy hemos recibido este otro escrito: una providencia de apremio por la que <strong>nos pretenden sancionar\u00a0con 210 euros<\/strong>, ya con su recargo incluido y todo&#8230;<\/p>\n<p><a href=\"https:\/\/democraciaactiva.eu\/wp-content\/uploads\/2015\/05\/E15237.jpg\"><img decoding=\"async\" loading=\"lazy\" class=\"aligncenter size-medium wp-image-865\" src=\"https:\/\/democraciaactiva.eu\/wp-content\/uploads\/2015\/05\/E15237-300x294.jpg\" alt=\"E15237\" width=\"300\" height=\"294\" \/><\/a><\/p>\n<p>Evidentemente ni hemos estado en Santurtzi, ni ese coche es nuestro, ni vamos a abonar sanci\u00f3n alguna, pero en nuestro recurso esperamos aclararles a los responsables de tan magn\u00edfica gesti\u00f3n, por ejemplo, que el responsable de los estacionamientos es el conductor, que una persona jur\u00eddica no puede conducir un veh\u00edculo, y que adem\u00e1s no somos los propietarios del mismo&#8230; adem\u00e1s de que para aplicarnos recargo deber\u00edan haber notificado antes algo&#8230; por si no se han dado cuenta. Y de paso, a ver si controlan las PMR y no tenemos que andar haciendo su trabajo, que no estar\u00eda mal.<\/p>\n<p>Aunque ya les llegar\u00e1 oficialmente la respuesta, estimados funcionarios responsables de la tramitaci\u00f3n de los expedientes sancionadores de Santurtzi, creemos conveniente que antes de hacer nada procedan a una lectura sosegada de la documentaci\u00f3n que tengan. No es tan complicado leer lo que les mandamos, de veras, igual el conserje puede ayudarles si tienen dudas, pero por favor lean el expediente, un par de veces al menos, antes de tomar ninguna decisi\u00f3n&#8230; <\/p>\n","protected":false},"excerpt":{"rendered":"<div class=\"mh-excerpt\"><p>El pasado a\u00f1o remitimos una denuncia voluntaria por estacionamiento en plaza de movilidad reducida al Ayuntamiento de Santurtzi, esperando tuvieran en cuenta la problem\u00e1tica de <a class=\"mh-excerpt-more\" href=\"https:\/\/democraciaactiva.eu\/?p=864\" title=\"Santurtzi se luce demostrando c\u00f3mo gestionan las multas por PMR&#8230;\">[&#8230;]<\/a><\/p>\n<\/div>","protected":false},"author":1,"featured_media":0,"comment_status":"closed","ping_status":"open","sticky":false,"template":"","format":"standard","meta":[],"categories":[5,6],"tags":[],"_links":{"self":[{"href":"https:\/\/democraciaactiva.eu\/index.php?rest_route=\/wp\/v2\/posts\/864"}],"collection":[{"href":"https:\/\/democraciaactiva.eu\/index.php?rest_route=\/wp\/v2\/posts"}],"about":[{"href":"https:\/\/democraciaactiva.eu\/index.php?rest_route=\/wp\/v2\/types\/post"}],"author":[{"embeddable":true,"href":"https:\/\/democraciaactiva.eu\/index.php?rest_route=\/wp\/v2\/users\/1"}],"replies":[{"embeddable":true,"href":"https:\/\/democraciaactiva.eu\/index.php?rest_route=%2Fwp%2Fv2%2Fcomments&post=864"}],"version-history":[{"count":0,"href":"https:\/\/democraciaactiva.eu\/index.php?rest_route=\/wp\/v2\/posts\/864\/revisions"}],"wp:attachment":[{"href":"https:\/\/democraciaactiva.eu\/index.php?rest_route=%2Fwp%2Fv2%2Fmedia&parent=864"}],"wp:term":[{"taxonomy":"category","embeddable":true,"href":"https:\/\/democraciaactiva.eu\/index.php?rest_route=%2Fwp%2Fv2%2Fcategories&post=864"},{"taxonomy":"post_tag","embeddable":true,"href":"https:\/\/democraciaactiva.eu\/index.php?rest_route=%2Fwp%2Fv2%2Ftags&post=864"}],"curies":[{"name":"wp","href":"https:\/\/api.w.org\/{rel}","templated":true}]}}