{"id":854,"date":"2015-05-19T09:27:05","date_gmt":"2015-05-19T08:27:05","guid":{"rendered":"http:\/\/democraciaactiva.eu\/?p=854"},"modified":"2015-05-19T09:27:05","modified_gmt":"2015-05-19T08:27:05","slug":"dca-defiende-la-actuacion-del-ciudadano-que-quiso-grabar-los-plenos-en-san-roque","status":"publish","type":"post","link":"https:\/\/democraciaactiva.eu\/?p=854","title":{"rendered":"DCA defiende la actuaci\u00f3n del ciudadano que quiso grabar los plenos en San Roque"},"content":{"rendered":"<p>Ante las \u00faltimas declaraciones del Alcalde de San Roque, no podemos menos que condenar\u00a0sus declaraciones sobre la supuesta \u00abpersecuci\u00f3n\u00bb a la que es sometido. Quiz\u00e1s<strong> deber\u00eda recordar que es \u00e9l quien abre expedientes sancionadores a Polic\u00edas Locales simplemente por expresar su opini\u00f3n en Facebook<\/strong> u otras redes sociales, y luego nos cuesta a todos los vecinos pagar las costas de sus desaires. Quien tiene el poder para perseguir, juzgar y condenar sin m\u00e1s tr\u00e1mite a los empleados municipales es \u00e9l, y no al contrario, por lo que <strong>cualquier otra \u00abpersecuci\u00f3n\u00bb s\u00f3lo puede existir en su imaginaci\u00f3n<\/strong>.<\/p>\n<p>Tal vez si reconociera el leg\u00edtimo derecho de los ciudadanos a grabar los actos p\u00fablicos la Audiencia Provincial no le hubiera rechazado su recurso y mantuviera la imputaci\u00f3n. Sin embargo ahora sale a prensa con las mismas excusas\u00a0que\u00a0no han sido\u00a0aceptadas por los jueces, y es que el video de lo ocurrido es m\u00e1s que evidente: <strong>La alteraci\u00f3n del orden no la provoca el ciudadano al grabar el pleno, si no el Alcalde al expulsarle\u00a0de modo selectivo generando las protestas del p\u00fablico asistente.<\/strong><\/p>\n<p>Cabe recordar que las calificaciones de <strong>la imputaci\u00f3n, por presunta prevaricaci\u00f3n y coacciones<\/strong>, no se realizan mediante querella, si no que <strong>provienen de ratificaci\u00f3n por parte de la Audiencia Provincial.<\/strong><\/p>\n<p><iframe loading=\"lazy\" title=\"Censura en San Roque\" width=\"500\" height=\"375\" src=\"https:\/\/www.youtube.com\/embed\/xwqsNLkkc-I?feature=oembed\" frameborder=\"0\" allow=\"accelerometer; autoplay; clipboard-write; encrypted-media; gyroscope; picture-in-picture; web-share\" allowfullscreen><\/iframe><\/p>\n<p>Desde Defensa Ciudadana Activa <strong>se rechazan frontalmente este tipo de actitudes, que siguen la l\u00ednea censora que ya hemos comprobado respecto a la participaci\u00f3n ciudadana<\/strong>, <a href=\"https:\/\/democraciaactiva.eu\/?p=589\" target=\"_blank\">llegando incluso a negar por Decreto simples solicitudes de cita con la Alcald\u00eda<\/a>, probablemente por haber sido incluidos en su lista negra particular, parte del \u00abapartheid pol\u00edtico\u00bb que este Alcalde se esfuerza en mantener.<\/p>\n<p><a href=\"https:\/\/democraciaactiva.eu\/wp-content\/uploads\/2015\/05\/contestaci\u00f3n-Boix-Defensor0001-SUBRAYADO.jpg\"><img decoding=\"async\" loading=\"lazy\" class=\"aligncenter size-medium wp-image-859\" src=\"https:\/\/democraciaactiva.eu\/wp-content\/uploads\/2015\/05\/contestaci\u00f3n-Boix-Defensor0001-SUBRAYADO-218x300.jpg\" alt=\"contestaci\u00f3n Boix Defensor0001 SUBRAYADO\" width=\"218\" height=\"300\" \/><\/a><\/p>\n<p><strong>Un verdadero Alcalde debe actuar del mismo modo con todos los ciudadanos<\/strong>, respetando la legalidad vigente y sus derechos, en lugar de\u00a0obligarles a recurrir una tras otra sus arbitrarias decisiones a sabiendas de que el coste lo tendr\u00e1n que asumir igualmente los ciudadanos. <\/p>\n","protected":false},"excerpt":{"rendered":"<div class=\"mh-excerpt\"><p>Ante las \u00faltimas declaraciones del Alcalde de San Roque, no podemos menos que condenar\u00a0sus declaraciones sobre la supuesta \u00abpersecuci\u00f3n\u00bb a la que es sometido. Quiz\u00e1s <a class=\"mh-excerpt-more\" href=\"https:\/\/democraciaactiva.eu\/?p=854\" title=\"DCA defiende la actuaci\u00f3n del ciudadano que quiso grabar los plenos en San Roque\">[&#8230;]<\/a><\/p>\n<\/div>","protected":false},"author":1,"featured_media":0,"comment_status":"closed","ping_status":"open","sticky":false,"template":"","format":"standard","meta":[],"categories":[5,8],"tags":[],"_links":{"self":[{"href":"https:\/\/democraciaactiva.eu\/index.php?rest_route=\/wp\/v2\/posts\/854"}],"collection":[{"href":"https:\/\/democraciaactiva.eu\/index.php?rest_route=\/wp\/v2\/posts"}],"about":[{"href":"https:\/\/democraciaactiva.eu\/index.php?rest_route=\/wp\/v2\/types\/post"}],"author":[{"embeddable":true,"href":"https:\/\/democraciaactiva.eu\/index.php?rest_route=\/wp\/v2\/users\/1"}],"replies":[{"embeddable":true,"href":"https:\/\/democraciaactiva.eu\/index.php?rest_route=%2Fwp%2Fv2%2Fcomments&post=854"}],"version-history":[{"count":0,"href":"https:\/\/democraciaactiva.eu\/index.php?rest_route=\/wp\/v2\/posts\/854\/revisions"}],"wp:attachment":[{"href":"https:\/\/democraciaactiva.eu\/index.php?rest_route=%2Fwp%2Fv2%2Fmedia&parent=854"}],"wp:term":[{"taxonomy":"category","embeddable":true,"href":"https:\/\/democraciaactiva.eu\/index.php?rest_route=%2Fwp%2Fv2%2Fcategories&post=854"},{"taxonomy":"post_tag","embeddable":true,"href":"https:\/\/democraciaactiva.eu\/index.php?rest_route=%2Fwp%2Fv2%2Ftags&post=854"}],"curies":[{"name":"wp","href":"https:\/\/api.w.org\/{rel}","templated":true}]}}