{"id":84,"date":"2014-03-12T19:14:08","date_gmt":"2014-03-12T18:14:08","guid":{"rendered":"http:\/\/democraciaactiva.eu\/?p=84"},"modified":"2014-03-12T19:14:08","modified_gmt":"2014-03-12T18:14:08","slug":"el-ayuntamiento-citado-a-un-acto-de-conciliacion-con-dca","status":"publish","type":"post","link":"https:\/\/democraciaactiva.eu\/?p=84","title":{"rendered":"El Ayuntamiento citado a un acto de conciliaci\u00f3n con DCA."},"content":{"rendered":"<p>El Alcalde de San Roque, como representante m\u00e1ximo del Ayuntamiento, ha sido citado para el pr\u00f3ximo d\u00eda 28 de marzo a un acto de conciliaci\u00f3n en los Juzgados de San Roque solicitado por la asociaci\u00f3n Defensa Ciudadana Activa.<\/p>\n<p>Este procedimiento, de car\u00e1cter obligatorio seg\u00fan el art. 804 de la Ley de Enjuiciamiento Civil, previo a la querella por calumnias, se inici\u00f3 a ra\u00edz del anuncio por parte del Ayuntamiento de San Roque de una supuesta denuncia contra la Asociaci\u00f3n por \u201csuplantar la identidad de empleados municipales\u201d.<\/p>\n<p>Cabe recordar que a finales del pasado mes de Noviembre el Ayuntamiento anunci\u00f3 la puesta en marcha de un portal para el ciudadano, de forma que se facilitar\u00eda el registro virtual y evitar\u00eda desplazamientos. \u201cEsto es algo que se viene reclamando a todos los Ayuntamientos desde a\u00f1os atr\u00e1s, y adem\u00e1s es obligatorio por Ley, pero que casi todos incumplen.\u201d, informaron.<img decoding=\"async\" loading=\"lazy\" class=\"aligncenter  wp-image-86\" alt=\"miayunt\" src=\"https:\/\/democraciaactiva.eu\/wp-content\/uploads\/2014\/03\/miayunt-300x135.jpg\" width=\"300\" height=\"135\" \/><\/p>\n<p>Tras ese anuncio, miembros de DCA encontraron un portal de acceso llamado \u201cMi Ayuntamiento\u201d, del Ayuntamiento de San Roque, y comprobaron que al acceder el sistema les confund\u00eda con trabajadores municipales, permiti\u00e9ndoles el acceso a toda la documentaci\u00f3n almacenada. \u201cPuede que por ese grave fallo de seguridad no hayan puesto en marcha el portal que anunciaron, o puede que s\u00f3lo fuera una noticia m\u00e1s que luego no pensaban cumplir, pero en cualquier caso nosotros no tenemos culpa alguna, s\u00f3lo informamos de la vulnerabilidad del sistema\u201d.<\/p>\n<p>Desde el colectivo ciudadano se\u00f1alaron que \u201cen ning\u00fan momento hemos suplantado a nadie, s\u00f3lo advertido de un grave error de seguridad en la web municipal, que fue corregido gracias a las informaci\u00f3n que facilitamos al Centro de Proceso de Datos.\u201d<\/p>\n<p>DCA inici\u00f3 el procedimiento de conciliaci\u00f3n, previo a la querella por calumnias, as\u00ed como un procedimiento de rectificaci\u00f3n sobre la informaci\u00f3n aparecida, que consideran totalmente falsa. Ambos siguen su tr\u00e1mite en los Juzgados de San Roque.<\/p>\n<p>Sobre la supuesta denuncia del Ayuntamiento por suplantaci\u00f3n de identidad, desde la Asociaci\u00f3n Defensa Ciudadana Activa no tienen conocimiento de que se haya llevado a cabo aunque han solicitado informaci\u00f3n al Consistorio. \u201cPuede que nos confundieran con un adversario pol\u00edtico y s\u00f3lo siguieran su costumbre de amenazar con denuncias, pero no lo somos y queremos que demuestren lo que dicen o se retracten.\u201d, finalizaron. <\/p>\n","protected":false},"excerpt":{"rendered":"<div class=\"mh-excerpt\"><p>El Alcalde de San Roque, como representante m\u00e1ximo del Ayuntamiento, ha sido citado para el pr\u00f3ximo d\u00eda 28 de marzo a un acto de conciliaci\u00f3n <a class=\"mh-excerpt-more\" href=\"https:\/\/democraciaactiva.eu\/?p=84\" title=\"El Ayuntamiento citado a un acto de conciliaci\u00f3n con DCA.\">[&#8230;]<\/a><\/p>\n<\/div>","protected":false},"author":1,"featured_media":0,"comment_status":"open","ping_status":"open","sticky":false,"template":"","format":"standard","meta":[],"categories":[12],"tags":[],"_links":{"self":[{"href":"https:\/\/democraciaactiva.eu\/index.php?rest_route=\/wp\/v2\/posts\/84"}],"collection":[{"href":"https:\/\/democraciaactiva.eu\/index.php?rest_route=\/wp\/v2\/posts"}],"about":[{"href":"https:\/\/democraciaactiva.eu\/index.php?rest_route=\/wp\/v2\/types\/post"}],"author":[{"embeddable":true,"href":"https:\/\/democraciaactiva.eu\/index.php?rest_route=\/wp\/v2\/users\/1"}],"replies":[{"embeddable":true,"href":"https:\/\/democraciaactiva.eu\/index.php?rest_route=%2Fwp%2Fv2%2Fcomments&post=84"}],"version-history":[{"count":0,"href":"https:\/\/democraciaactiva.eu\/index.php?rest_route=\/wp\/v2\/posts\/84\/revisions"}],"wp:attachment":[{"href":"https:\/\/democraciaactiva.eu\/index.php?rest_route=%2Fwp%2Fv2%2Fmedia&parent=84"}],"wp:term":[{"taxonomy":"category","embeddable":true,"href":"https:\/\/democraciaactiva.eu\/index.php?rest_route=%2Fwp%2Fv2%2Fcategories&post=84"},{"taxonomy":"post_tag","embeddable":true,"href":"https:\/\/democraciaactiva.eu\/index.php?rest_route=%2Fwp%2Fv2%2Ftags&post=84"}],"curies":[{"name":"wp","href":"https:\/\/api.w.org\/{rel}","templated":true}]}}