{"id":831,"date":"2015-05-11T10:00:27","date_gmt":"2015-05-11T09:00:27","guid":{"rendered":"http:\/\/democraciaactiva.eu\/?p=831"},"modified":"2015-05-11T10:00:27","modified_gmt":"2015-05-11T09:00:27","slug":"campanas-ejemplares-en-espartinas","status":"publish","type":"post","link":"https:\/\/democraciaactiva.eu\/?p=831","title":{"rendered":"Campa\u00f1as \u00abejemplares\u00bb en Espartinas"},"content":{"rendered":"<p>A veces con las prisas nos olvidamos de la seguridad. Eso es lo que parece haber ocurrido en Espartinas (Sevilla), donde el coche de campa\u00f1a del gobierno local ha rebajado sustancialmente su altura al suelo de modo que consideramos \u00abpoco apropiado\u00bb. Adem\u00e1s de ello, el conductor suele ir con el brazo por fuera imaginamos que para no ahumarse con el cigarrillo.<\/p>\n<p>Por ello, teniendo en cuenta que <strong>la instalaci\u00f3n de accesorios que modifiquen sustancialmente las caracter\u00edsticas del veh\u00edculo<\/strong>, como en este caso la distancia al suelo con una suspensi\u00f3n tan poco eficaz, <strong>deben superar una inspecci\u00f3n t\u00e9cnica tras obtener los oportunos certificados del fabricante<\/strong>, hemos procedido a ponerlo en conocimiento de la Polic\u00eda Local, a los efectos oportunos.<\/p>\n<p>Es de suponer que los agentes revisar\u00e1n la situaci\u00f3n del veh\u00edculo y \u00abrecomendar\u00e1n\u00bb a su conductor que cumpla las normas de circulaci\u00f3n.<\/p>\n<p><a href=\"https:\/\/democraciaactiva.eu\/wp-content\/uploads\/2015\/05\/Fragoneta-detalle.jpg\"><img decoding=\"async\" loading=\"lazy\" class=\"aligncenter size-large wp-image-832\" src=\"https:\/\/democraciaactiva.eu\/wp-content\/uploads\/2015\/05\/Fragoneta-detalle-1024x576.jpg\" alt=\"Fragoneta detalle\" width=\"450\" height=\"253\" \/><\/a><\/p>\n<p>Aunque como es normal el veh\u00edculo no se detiene mucho en sus labores, el pasado viernes hizo una excepci\u00f3n esperando amablemente el tiempo que dur\u00f3 la Asamblea de la Asociaci\u00f3n Ciudadanos de Espartinas por si alguien lo necesitaba. Esta Asamblea finalmente debi\u00f3 celebrarse en la v\u00eda p\u00fablica -previa autorizaci\u00f3n de la Delegaci\u00f3n del Gobierno- ante la negativa a facilitar locales del Ayuntamiento, y cont\u00f3 con la discreta mirada de varios concejales del gobierno local desde el bar cercano, as\u00ed como este discreto y silencioso veh\u00edculo de acompa\u00f1amiento. \u00a1Para que luego digan que no se preocupan de ellos!<\/p>\n<p>&nbsp; <\/p>\n","protected":false},"excerpt":{"rendered":"<div class=\"mh-excerpt\"><p>A veces con las prisas nos olvidamos de la seguridad. Eso es lo que parece haber ocurrido en Espartinas (Sevilla), donde el coche de campa\u00f1a <a class=\"mh-excerpt-more\" href=\"https:\/\/democraciaactiva.eu\/?p=831\" title=\"Campa\u00f1as \u00abejemplares\u00bb en Espartinas\">[&#8230;]<\/a><\/p>\n<\/div>","protected":false},"author":1,"featured_media":0,"comment_status":"closed","ping_status":"open","sticky":false,"template":"","format":"standard","meta":[],"categories":[12],"tags":[],"_links":{"self":[{"href":"https:\/\/democraciaactiva.eu\/index.php?rest_route=\/wp\/v2\/posts\/831"}],"collection":[{"href":"https:\/\/democraciaactiva.eu\/index.php?rest_route=\/wp\/v2\/posts"}],"about":[{"href":"https:\/\/democraciaactiva.eu\/index.php?rest_route=\/wp\/v2\/types\/post"}],"author":[{"embeddable":true,"href":"https:\/\/democraciaactiva.eu\/index.php?rest_route=\/wp\/v2\/users\/1"}],"replies":[{"embeddable":true,"href":"https:\/\/democraciaactiva.eu\/index.php?rest_route=%2Fwp%2Fv2%2Fcomments&post=831"}],"version-history":[{"count":0,"href":"https:\/\/democraciaactiva.eu\/index.php?rest_route=\/wp\/v2\/posts\/831\/revisions"}],"wp:attachment":[{"href":"https:\/\/democraciaactiva.eu\/index.php?rest_route=%2Fwp%2Fv2%2Fmedia&parent=831"}],"wp:term":[{"taxonomy":"category","embeddable":true,"href":"https:\/\/democraciaactiva.eu\/index.php?rest_route=%2Fwp%2Fv2%2Fcategories&post=831"},{"taxonomy":"post_tag","embeddable":true,"href":"https:\/\/democraciaactiva.eu\/index.php?rest_route=%2Fwp%2Fv2%2Ftags&post=831"}],"curies":[{"name":"wp","href":"https:\/\/api.w.org\/{rel}","templated":true}]}}