{"id":827,"date":"2015-05-10T08:28:31","date_gmt":"2015-05-10T07:28:31","guid":{"rendered":"http:\/\/democraciaactiva.eu\/?p=827"},"modified":"2015-05-10T08:28:31","modified_gmt":"2015-05-10T07:28:31","slug":"dca-pide-informacion-sobre-las-dietas-de-proteccion-civil","status":"publish","type":"post","link":"https:\/\/democraciaactiva.eu\/?p=827","title":{"rendered":"DCA pide informaci\u00f3n sobre las dietas de Protecci\u00f3n Civil"},"content":{"rendered":"<p>La Asociaci\u00f3n Defensa Ciudadana activa ha solicitado al Ayuntamiento de San Roque informaci\u00f3n sobre las partidas presupuestarias destinadas al servicio de Protecci\u00f3n Civil, y m\u00e1s concretamente al <strong>pago de dietas a los voluntarios<\/strong> de tal servicio.<\/p>\n<p>\u201cDe la informaci\u00f3n recibida se desprende que podr\u00edan abonarse a los voluntarios<strong> dietas de entre 50 y 90 euros diarios, sin necesidad de justificar gasto alguno<\/strong>, simplemente por pertenecer a la agrupaci\u00f3n.\u201d, indicaron.<a href=\"https:\/\/democraciaactiva.eu\/wp-content\/uploads\/2015\/05\/PC-San-Roque.jpg\"><img decoding=\"async\" loading=\"lazy\" class=\"aligncenter wp-image-828 size-medium\" src=\"https:\/\/democraciaactiva.eu\/wp-content\/uploads\/2015\/05\/PC-San-Roque-300x156.jpg\" alt=\"Voluntarios Alcalde\" width=\"300\" height=\"156\" \/><\/a><\/p>\n<p>De este modo, en la Asociaci\u00f3n consideran que m\u00e1s que un servicio de voluntariado <strong>podr\u00eda considerarse una bolsa de trabajo<\/strong>, \u201cya que<strong> los pagos mensuales pueden superar los 800 y mil euros por voluntario y son de car\u00e1cter estable<\/strong>.\u201d<\/p>\n<p>Por ello han decidido solicitar informaci\u00f3n m\u00e1s concreta a la administraci\u00f3n local sobre los pagos realizados en concepto de dietas y su justificaci\u00f3n. Es de resaltar que en algunos ejercicios, como el 2.011, el presupuesto de Protecci\u00f3n Civil en el municipio de San Roque ha llegado a superar los 700 mil euros.<\/p>\n<p><a href=\"https:\/\/democraciaactiva.eu\/wp-content\/uploads\/2015\/05\/Presupuesto-PC.png\"><img decoding=\"async\" loading=\"lazy\" class=\"aligncenter size-medium wp-image-834\" src=\"https:\/\/democraciaactiva.eu\/wp-content\/uploads\/2015\/05\/Presupuesto-PC-300x225.png\" alt=\"Presupuesto PC\" width=\"300\" height=\"225\" \/><\/a><\/p>\n<p>En caso de confirmarse que el servicio de voluntariado de Protecci\u00f3n Civil funciona en la pr\u00e1ctica como bolsa de trabajo, desde DCA solicitar\u00e1n que se ponga en conocimiento, entre otros, de Servicios Sociales, de modo <strong>que miembros de familias necesitadas puedan tambi\u00e9n pasar a ser voluntarios y disponer de una renta m\u00ednima mensual.<\/strong> \u201cActualmente probablemente no lo hagan porque entiendan que quienes aseguran ser voluntarios no cobran por el tiempo que pasan en esas guardias, por eso entendemos que falta informaci\u00f3n ciudadana.\u201d<\/p>\n<p>De hecho, ya se han dado casos de voluntarios que <strong>tras dejar su cargo denunciaron al Ayuntamiento y han conseguido recolocaciones en otros puestos p\u00fablicos, lo cual resulta un signo evidente de que m\u00e1s que voluntarios son trabajadores en situaci\u00f3n irregular<\/strong>, pero no se informa a toda la poblaci\u00f3n de modo que puedan acceder a esos puestos. <\/p>\n","protected":false},"excerpt":{"rendered":"<div class=\"mh-excerpt\"><p>La Asociaci\u00f3n Defensa Ciudadana activa ha solicitado al Ayuntamiento de San Roque informaci\u00f3n sobre las partidas presupuestarias destinadas al servicio de Protecci\u00f3n Civil, y m\u00e1s <a class=\"mh-excerpt-more\" href=\"https:\/\/democraciaactiva.eu\/?p=827\" title=\"DCA pide informaci\u00f3n sobre las dietas de Protecci\u00f3n Civil\">[&#8230;]<\/a><\/p>\n<\/div>","protected":false},"author":1,"featured_media":0,"comment_status":"closed","ping_status":"open","sticky":false,"template":"","format":"standard","meta":[],"categories":[5],"tags":[],"_links":{"self":[{"href":"https:\/\/democraciaactiva.eu\/index.php?rest_route=\/wp\/v2\/posts\/827"}],"collection":[{"href":"https:\/\/democraciaactiva.eu\/index.php?rest_route=\/wp\/v2\/posts"}],"about":[{"href":"https:\/\/democraciaactiva.eu\/index.php?rest_route=\/wp\/v2\/types\/post"}],"author":[{"embeddable":true,"href":"https:\/\/democraciaactiva.eu\/index.php?rest_route=\/wp\/v2\/users\/1"}],"replies":[{"embeddable":true,"href":"https:\/\/democraciaactiva.eu\/index.php?rest_route=%2Fwp%2Fv2%2Fcomments&post=827"}],"version-history":[{"count":0,"href":"https:\/\/democraciaactiva.eu\/index.php?rest_route=\/wp\/v2\/posts\/827\/revisions"}],"wp:attachment":[{"href":"https:\/\/democraciaactiva.eu\/index.php?rest_route=%2Fwp%2Fv2%2Fmedia&parent=827"}],"wp:term":[{"taxonomy":"category","embeddable":true,"href":"https:\/\/democraciaactiva.eu\/index.php?rest_route=%2Fwp%2Fv2%2Fcategories&post=827"},{"taxonomy":"post_tag","embeddable":true,"href":"https:\/\/democraciaactiva.eu\/index.php?rest_route=%2Fwp%2Fv2%2Ftags&post=827"}],"curies":[{"name":"wp","href":"https:\/\/api.w.org\/{rel}","templated":true}]}}