{"id":822,"date":"2015-05-05T07:14:03","date_gmt":"2015-05-05T06:14:03","guid":{"rendered":"http:\/\/democraciaactiva.eu\/?p=822"},"modified":"2015-05-05T07:14:03","modified_gmt":"2015-05-05T06:14:03","slug":"dca-pide-mas-documentacion-sobre-la-reforma-del-ceip-ramon-lago","status":"publish","type":"post","link":"https:\/\/democraciaactiva.eu\/?p=822","title":{"rendered":"DCA pide m\u00e1s documentaci\u00f3n sobre la reforma del CEIP Ram\u00f3n Lago"},"content":{"rendered":"<p>Tras confirmar que la falta de aseo adaptado del CEIP Ram\u00f3n Lago se debe a una reforma posterior a su construcci\u00f3n, las administraciones implicadas no parecen ponerse de acuerdo. Mientras el Ayuntamiento al parecer comunica a los medios que la Junta de Andaluc\u00eda tiene previsto corregir la infracci\u00f3n cometida&#8230; cuando pueda, la administraci\u00f3n auton\u00f3mica nos informa de que tras su construcci\u00f3n las competencias para cualquier reforma al ser un centro de primaria son del Ayuntamiento.<\/p>\n<p>Por su parte el inspector de educaci\u00f3n que visita este CEIP trataba de justificar la falta de aseo adaptado porque<strong> \u00abhay cientos en esa situaci\u00f3n\u00bb<\/strong>, seg\u00fan nos dijo&#8230; lo primero que se nos viene a la mente es el refranero por aquello de \u00abmal de muchos&#8230;\u00bb, y sorprende la <strong>falta de seriedad <\/strong>con la que se toma la inspecci\u00f3n de educaci\u00f3n un problema tan grave.<\/p>\n<p><a href=\"https:\/\/democraciaactiva.eu\/wp-content\/uploads\/2015\/03\/Aseo-Equipo_resize.jpg\"><img decoding=\"async\" loading=\"lazy\" class=\"aligncenter wp-image-765 size-large\" src=\"https:\/\/democraciaactiva.eu\/wp-content\/uploads\/2015\/03\/Aseo-Equipo_resize-768x1024.jpg\" alt=\"Aseo Equipo_resize\" width=\"450\" height=\"600\" \/><\/a><\/p>\n<p>Por ello hemos solicitado a la Delegaci\u00f3n Territorial de Educaci\u00f3n en M\u00e1laga que <strong>se restaure la legalidad urban\u00edstica en ese CEIP de inmediato, as\u00ed como copia de las facturas de compra del microondas y refrigerador instalados<\/strong> en la sala 0.13 (aseo adaptado) de ese centro. Igualmente solicitamos copia del acta del \u00f3rgano colegiado que debi\u00f3 aprobar esa compra a efectos de conocer qu\u00e9 justificaci\u00f3n se daba y si se pensaba ya en ubicarlos en el aseo adaptado para discapacitados.<\/p>\n<p>Conforme al art. 12 y ss. de la Ley 19\/2013 de transparencia, acceso a la informaci\u00f3n p\u00fablica y buen gobierno, entendemos que <strong>todos esos datos son de car\u00e1cter p\u00fablico<\/strong>, y no deben tener motivos para ocultarlos a la ciudadan\u00eda. <\/p>\n","protected":false},"excerpt":{"rendered":"<div class=\"mh-excerpt\"><p>Tras confirmar que la falta de aseo adaptado del CEIP Ram\u00f3n Lago se debe a una reforma posterior a su construcci\u00f3n, las administraciones implicadas no <a class=\"mh-excerpt-more\" href=\"https:\/\/democraciaactiva.eu\/?p=822\" title=\"DCA pide m\u00e1s documentaci\u00f3n sobre la reforma del CEIP Ram\u00f3n Lago\">[&#8230;]<\/a><\/p>\n<\/div>","protected":false},"author":1,"featured_media":0,"comment_status":"closed","ping_status":"open","sticky":false,"template":"","format":"standard","meta":[],"categories":[12],"tags":[],"_links":{"self":[{"href":"https:\/\/democraciaactiva.eu\/index.php?rest_route=\/wp\/v2\/posts\/822"}],"collection":[{"href":"https:\/\/democraciaactiva.eu\/index.php?rest_route=\/wp\/v2\/posts"}],"about":[{"href":"https:\/\/democraciaactiva.eu\/index.php?rest_route=\/wp\/v2\/types\/post"}],"author":[{"embeddable":true,"href":"https:\/\/democraciaactiva.eu\/index.php?rest_route=\/wp\/v2\/users\/1"}],"replies":[{"embeddable":true,"href":"https:\/\/democraciaactiva.eu\/index.php?rest_route=%2Fwp%2Fv2%2Fcomments&post=822"}],"version-history":[{"count":0,"href":"https:\/\/democraciaactiva.eu\/index.php?rest_route=\/wp\/v2\/posts\/822\/revisions"}],"wp:attachment":[{"href":"https:\/\/democraciaactiva.eu\/index.php?rest_route=%2Fwp%2Fv2%2Fmedia&parent=822"}],"wp:term":[{"taxonomy":"category","embeddable":true,"href":"https:\/\/democraciaactiva.eu\/index.php?rest_route=%2Fwp%2Fv2%2Fcategories&post=822"},{"taxonomy":"post_tag","embeddable":true,"href":"https:\/\/democraciaactiva.eu\/index.php?rest_route=%2Fwp%2Fv2%2Ftags&post=822"}],"curies":[{"name":"wp","href":"https:\/\/api.w.org\/{rel}","templated":true}]}}