{"id":819,"date":"2015-05-03T14:42:11","date_gmt":"2015-05-03T13:42:11","guid":{"rendered":"http:\/\/democraciaactiva.eu\/?p=819"},"modified":"2015-05-03T14:42:11","modified_gmt":"2015-05-03T13:42:11","slug":"dca-denuncia-los-zulos-de-san-roque-ante-la-consejeria-de-agricultura","status":"publish","type":"post","link":"https:\/\/democraciaactiva.eu\/?p=819","title":{"rendered":"DCA denuncia los zulos de San Roque ante la Consejer\u00eda de Agricultura"},"content":{"rendered":"<p>La Asociaci\u00f3n Defensa Ciudadana Activa ha remitido a la Delegaci\u00f3n Territorial de la Consejer\u00eda de Agricultura, Pesca y Desarrollo Rural informe sobre la situaci\u00f3n de los animales hacinados en los zulos de Guadiaro en San Roque.<\/p>\n<p>Esta denuncia se produce tras constatar esta Asociaci\u00f3n la \u201c<strong>pasividad total y falta de inter\u00e9s en acabar con las situaciones de maltrato animal por parte de la Alcald\u00eda de San Roque<\/strong>\u201d, denunciaron.<\/p>\n<p>\u201cNo s\u00f3lo<strong> no ha contestado siquiera a quienes le pidieron cita para exponerle la situaci\u00f3n hace casi dos meses, si no que tambi\u00e9n ha hecho o\u00eddos sordos a la orden de la Delegaci\u00f3n del Gobierno de la Junta de Andaluc\u00eda para la retenci\u00f3n temporal de los animales<\/strong> y, a fecha de hoy, las infracciones a la Ley de Protecci\u00f3n de los Animales siguen produci\u00e9ndose.\u201d Por ello desde DCA, tal y como anunciaron d\u00edas atr\u00e1s, \u201ciniciamos un expediente informativo sobre esta situaci\u00f3n, y tras solicitar informaci\u00f3n a la Alcald\u00eda remitimos denuncia formal a la Consejer\u00eda competente, tras la cual si no hay cambios en una semana remitiremos al juzgado informe sobre la actitud de la Alcald\u00eda de San Roque por si fuera constitutiva de delito.\u201d<\/p>\n<figure id=\"attachment_820\" aria-describedby=\"caption-attachment-820\" style=\"width: 450px\" class=\"wp-caption aligncenter\"><a href=\"https:\/\/democraciaactiva.eu\/wp-content\/uploads\/2015\/05\/Escrito-Consejeria-detalle.jpg\" target=\"_blank\"><img decoding=\"async\" loading=\"lazy\" class=\"wp-image-820 size-large\" src=\"https:\/\/democraciaactiva.eu\/wp-content\/uploads\/2015\/05\/Escrito-Consejeria-detalle-768x1024.jpg\" alt=\"\" width=\"450\" height=\"600\" \/><\/a><figcaption id=\"caption-attachment-820\" class=\"wp-caption-text\">Orden de la Consejer\u00eda<\/figcaption><\/figure>\n<p>&nbsp;<\/p>\n<p>En este sentido Defensa Ciudadana Activa apunt\u00f3 a que la falta de actuaciones del m\u00e1ximo responsable local \u201cno puede ser tomada como algo normal. <strong>Si apoya el hacinamiento de esos animales que lo diga abiertamente y proponga la declaraci\u00f3n de bien de inter\u00e9s cultural para los zulos de Guadiaro<\/strong>, ya tenemos ejemplos como el Toro de la Vega donde representantes p\u00fablicos apoyan claras situaciones de maltrato animal, no vamos a sorprendernos por ello, pero mientras que esto no ocurra que no espere que nos quedemos de brazos cruzados, porque cuando mira para otro lado est\u00e1 dando lugar a situaciones claramente injustas a sabiendas, m\u00e1xime cuando esos zulos constan en todos los planos t\u00e9cnicos de urbanismo desde hace a\u00f1os.\u201d<\/p>\n<p>Seg\u00fan el informe remitido por DCA podr\u00edan darse <strong>como m\u00ednimo tres infracciones graves, que podr\u00edan llegar a cinco si se comprueban otras circunstancias en los animales.<\/strong> En cualquier caso acumular m\u00e1s de una infracci\u00f3n grave en un periodo de 3 a\u00f1os <strong>supone una infracci\u00f3n muy grave, que est\u00e1 sancionada con cantidades entre dos mil y treinta mil euros cada una.<\/strong><\/p>\n<p>En su denuncia, Defensa Ciudadana Activa pide que se inicien las medidas provisionales recogidas en la Ley de Protecci\u00f3n de los Animales de Andaluc\u00eda que orden\u00f3 hace mes y medio la Delegaci\u00f3n del Gobierno, adem\u00e1s de solicitar cita para, junto a otros colectivos, informarse y exponer medidas para que se lleve a cabo un control efectivo de estas situaciones. \u201cNo somos una asociaci\u00f3n animalista en s\u00ed, para eso est\u00e1n las protectoras, pero <strong>estamos hasta las narices de que aparezcan animales con los chips arrancados en contenedores y la administraci\u00f3n mire para otro lado.<\/strong> Hay formas muy concretas de evitar eso, pero<strong> parece que no interesa, que las normas est\u00e1n para lucirlas en notas de prensa y luego no aplicarlas<\/strong>. L a aplicaci\u00f3n y el respeto a la normativa por parte de la administraci\u00f3n s\u00ed forma parte de nuestros fines como Asociaci\u00f3n, incluyendo las de protecci\u00f3n animal, por lo que iniciaremos las medidas que consideremos necesarias para que se les preste la debida atenci\u00f3n.\u201d, finalizaron. <\/p>\n","protected":false},"excerpt":{"rendered":"<div class=\"mh-excerpt\"><p>La Asociaci\u00f3n Defensa Ciudadana Activa ha remitido a la Delegaci\u00f3n Territorial de la Consejer\u00eda de Agricultura, Pesca y Desarrollo Rural informe sobre la situaci\u00f3n de <a class=\"mh-excerpt-more\" href=\"https:\/\/democraciaactiva.eu\/?p=819\" title=\"DCA denuncia los zulos de San Roque ante la Consejer\u00eda de Agricultura\">[&#8230;]<\/a><\/p>\n<\/div>","protected":false},"author":1,"featured_media":0,"comment_status":"closed","ping_status":"open","sticky":false,"template":"","format":"standard","meta":[],"categories":[5,14],"tags":[],"_links":{"self":[{"href":"https:\/\/democraciaactiva.eu\/index.php?rest_route=\/wp\/v2\/posts\/819"}],"collection":[{"href":"https:\/\/democraciaactiva.eu\/index.php?rest_route=\/wp\/v2\/posts"}],"about":[{"href":"https:\/\/democraciaactiva.eu\/index.php?rest_route=\/wp\/v2\/types\/post"}],"author":[{"embeddable":true,"href":"https:\/\/democraciaactiva.eu\/index.php?rest_route=\/wp\/v2\/users\/1"}],"replies":[{"embeddable":true,"href":"https:\/\/democraciaactiva.eu\/index.php?rest_route=%2Fwp%2Fv2%2Fcomments&post=819"}],"version-history":[{"count":0,"href":"https:\/\/democraciaactiva.eu\/index.php?rest_route=\/wp\/v2\/posts\/819\/revisions"}],"wp:attachment":[{"href":"https:\/\/democraciaactiva.eu\/index.php?rest_route=%2Fwp%2Fv2%2Fmedia&parent=819"}],"wp:term":[{"taxonomy":"category","embeddable":true,"href":"https:\/\/democraciaactiva.eu\/index.php?rest_route=%2Fwp%2Fv2%2Fcategories&post=819"},{"taxonomy":"post_tag","embeddable":true,"href":"https:\/\/democraciaactiva.eu\/index.php?rest_route=%2Fwp%2Fv2%2Ftags&post=819"}],"curies":[{"name":"wp","href":"https:\/\/api.w.org\/{rel}","templated":true}]}}