{"id":797,"date":"2015-04-23T16:17:17","date_gmt":"2015-04-23T15:17:17","guid":{"rendered":"http:\/\/democraciaactiva.eu\/?p=797"},"modified":"2015-04-23T16:17:17","modified_gmt":"2015-04-23T15:17:17","slug":"dca-pide-explicaciones-sobre-el-nu-23-de-guadiaro","status":"publish","type":"post","link":"https:\/\/democraciaactiva.eu\/?p=797","title":{"rendered":"DCA pide explicaciones sobre el NU-23 de Guadiaro"},"content":{"rendered":"<p>Tras denunciar el Partido Animalista PACMA la situaci\u00f3n de los <strong>perros hacinados en el NU-23 de Guadiaro<\/strong>, ha transcurrido m\u00e1s de un mes sin que la administraci\u00f3n local haya asumido sus competencias en la protecci\u00f3n de estos animales. La Delegaci\u00f3n del Gobierno de la Junta de Andaluc\u00eda por su parte <strong>orden\u00f3 casi de inmediato al Ayuntamiento de San Roque la inspecci\u00f3n y retenci\u00f3n temporal de los animales<\/strong>, sin que \u00e9sta se haya producido.<\/p>\n<p><a href=\"https:\/\/democraciaactiva.eu\/wp-content\/uploads\/2015\/04\/IMG-20150125-WA0003.jpg\"><img decoding=\"async\" loading=\"lazy\" class=\" size-medium wp-image-798 aligncenter\" src=\"https:\/\/democraciaactiva.eu\/wp-content\/uploads\/2015\/04\/IMG-20150125-WA0003-300x169.jpg\" alt=\"IMG-20150125-WA0003\" width=\"300\" height=\"169\" \/><\/a><\/p>\n<p>Posteriormente llegan informes de que ya hace varios a\u00f1os que los zulos fueron denunciados ante el mismo Ayuntamiento, as\u00ed como que existir\u00eda un procedimiento penal abierto en Algeciras porque distintos animales, a\u00fan teniendo cartillas con sello de vacunaci\u00f3n, no hab\u00edan sido vacunados.<\/p>\n<p>La pasividad del Ayuntamiento se escuda al parecer en que <strong>\u00abpodr\u00eda existir una v\u00eda pecuaria\u00bb<\/strong>, algo que tanto desde la administraci\u00f3n auton\u00f3mica entienden que no es motivo para no actuar, pero de momento llevan m\u00e1s de un mes pas\u00e1ndose la pelota sin determinar qui\u00e9n ser\u00eda la autoridad competente para tratar el tema.<\/p>\n<p>Esta v\u00eda pecuaria sin embargo no aparece en la ficha de<strong> la parcela 05SRG, de propiedad municipal<\/strong>, que es colindante a los zulos, que fue obtenida por cesi\u00f3n de distintas parcelas urbanizadas en Sotogrande y en la que se seg\u00fan la documentaci\u00f3n oficial est\u00e1n previstas <strong>450 viviendas<\/strong>.<a href=\"https:\/\/democraciaactiva.eu\/wp-content\/uploads\/2015\/04\/Ficha-parcela.jpg\"><img decoding=\"async\" loading=\"lazy\" class=\" size-medium wp-image-800 aligncenter\" src=\"https:\/\/democraciaactiva.eu\/wp-content\/uploads\/2015\/04\/Ficha-parcela-300x212.jpg\" alt=\"Ficha parcela\" width=\"300\" height=\"212\" \/><\/a><\/p>\n<p>Tampoco aparece reflejada en el avance de delimitaci\u00f3n de asentamientos urban\u00edsticos en suelo no urbanizable, que sit\u00faa <strong>24 viviendas construidas tambi\u00e9n junto a los zulos para perros.<\/strong><\/p>\n<p><strong><a href=\"https:\/\/democraciaactiva.eu\/wp-content\/uploads\/2015\/04\/Detalle.jpg\"><img decoding=\"async\" loading=\"lazy\" class=\" size-medium wp-image-799 aligncenter\" src=\"https:\/\/democraciaactiva.eu\/wp-content\/uploads\/2015\/04\/Detalle-300x148.jpg\" alt=\"Detalle\" width=\"300\" height=\"148\" \/><\/a><\/strong><\/p>\n<p>Lo cual es muy l\u00f3gico porque <strong>seg\u00fan los planos de la Consejer\u00eda de Medio Ambiente, la vereda Almenara pasa a cientos de metros de esa zona<\/strong> concreta, como puede comprobar cualquier ciudadano en la web.<\/p>\n<p><a href=\"https:\/\/democraciaactiva.eu\/wp-content\/uploads\/2015\/04\/Vias-Pecuarias-se\u00f1al.jpg\"><img decoding=\"async\" loading=\"lazy\" class=\" size-medium wp-image-807 aligncenter\" src=\"https:\/\/democraciaactiva.eu\/wp-content\/uploads\/2015\/04\/Vias-Pecuarias-se\u00f1al-300x212.jpg\" alt=\"Vias Pecuarias se\u00f1al\" width=\"300\" height=\"212\" \/><\/a><\/p>\n<p>\u00bfCu\u00e1l es la realidad entonces?, \u00bfexiste o no existe v\u00eda pecuaria en la zona? Independientemente de que ello entendemos no limitar\u00eda la capacidad de actuaci\u00f3n para la protecci\u00f3n animal del Ayuntamiento, si existiera v\u00eda pecuaria ello pondr\u00eda en riesgo la edificabilidad de las parcelas que el Ayuntamiento ha aceptado a Sotogrande como compensaci\u00f3n por las urbanizaciones&#8230; <strong>\u00bfacaso han aceptado una v\u00eda pecuaria como cesi\u00f3n?<\/strong> Y ni que decir tiene que la posibilidad de regularizar las 24 viviendas construidas en no urbanizable <strong>ser\u00eda mucho m\u00e1s complicada si\u00a0estuviera en una v\u00eda pecuaria<\/strong>. Por todo ello entendemos que, tal como reflejan los planos publicados, <strong>la v\u00eda pecuaria m\u00e1s cercana est\u00e1 a cientos de metros al otro lado del r\u00edo Guadiaro, sin que exista justificaci\u00f3n alguna para la pasividad de la autoridad local ante estos casos de maltrato animal<\/strong> y construcciones en no urbanizable.<\/p>\n<p>Por otro lado, si realmente creen las administraciones que esa zona es \u00abtierra de nadie\u00bb y no pueden intervenir&#8230; igual debemos pasar con una retroexcavadora a hacer lo que nos plazca sobre el terreno. Estamos seguros de que tardar\u00eda 10 minutos en aparecer la autoridad competente que llevan meses buscando.<\/p>\n<p><a href=\"https:\/\/democraciaactiva.eu\/wp-content\/uploads\/2015\/04\/1422137605916.jpg\"><img decoding=\"async\" loading=\"lazy\" class=\" size-medium wp-image-801 aligncenter\" src=\"https:\/\/democraciaactiva.eu\/wp-content\/uploads\/2015\/04\/1422137605916-181x300.jpg\" alt=\"1422137605916\" width=\"181\" height=\"300\" \/><img decoding=\"async\" loading=\"lazy\" class=\" size-medium wp-image-802 aligncenter\" src=\"https:\/\/democraciaactiva.eu\/wp-content\/uploads\/2015\/04\/Plano-parcela-se\u00f1al-300x212.jpg\" alt=\"Plano parcela se\u00f1al\" width=\"300\" height=\"212\" \/><\/a><\/p>\n<p>Este es un ejemplo m\u00e1s del <strong>\u00abescaqueo municipal\u00bb<\/strong> que padecen los ciudadanos. <strong>Si un Alcalde quiere permitir unas construcciones ilegales y que se mantengan animales en las condiciones en que est\u00e1n en esos zulos, que lo diga abiertamente, como otros apoyan la tauromaquia,\u00a0el toro de la vega, o el entrenamiento de galgos con moto&#8230; no tienen motivo para disimular, no se le piden excusas, s\u00f3lo que den razones objetivas, negro sobre blanco,\u00a0que puedan ser recurridas, porque\u00a0la t\u00e9cnica del avestruz, no les servir\u00e1 para siempre.<\/strong> <\/p>\n","protected":false},"excerpt":{"rendered":"<div class=\"mh-excerpt\"><p>Tras denunciar el Partido Animalista PACMA la situaci\u00f3n de los perros hacinados en el NU-23 de Guadiaro, ha transcurrido m\u00e1s de un mes sin que <a class=\"mh-excerpt-more\" href=\"https:\/\/democraciaactiva.eu\/?p=797\" title=\"DCA pide explicaciones sobre el NU-23 de Guadiaro\">[&#8230;]<\/a><\/p>\n<\/div>","protected":false},"author":1,"featured_media":0,"comment_status":"closed","ping_status":"open","sticky":false,"template":"","format":"standard","meta":[],"categories":[5],"tags":[],"_links":{"self":[{"href":"https:\/\/democraciaactiva.eu\/index.php?rest_route=\/wp\/v2\/posts\/797"}],"collection":[{"href":"https:\/\/democraciaactiva.eu\/index.php?rest_route=\/wp\/v2\/posts"}],"about":[{"href":"https:\/\/democraciaactiva.eu\/index.php?rest_route=\/wp\/v2\/types\/post"}],"author":[{"embeddable":true,"href":"https:\/\/democraciaactiva.eu\/index.php?rest_route=\/wp\/v2\/users\/1"}],"replies":[{"embeddable":true,"href":"https:\/\/democraciaactiva.eu\/index.php?rest_route=%2Fwp%2Fv2%2Fcomments&post=797"}],"version-history":[{"count":0,"href":"https:\/\/democraciaactiva.eu\/index.php?rest_route=\/wp\/v2\/posts\/797\/revisions"}],"wp:attachment":[{"href":"https:\/\/democraciaactiva.eu\/index.php?rest_route=%2Fwp%2Fv2%2Fmedia&parent=797"}],"wp:term":[{"taxonomy":"category","embeddable":true,"href":"https:\/\/democraciaactiva.eu\/index.php?rest_route=%2Fwp%2Fv2%2Fcategories&post=797"},{"taxonomy":"post_tag","embeddable":true,"href":"https:\/\/democraciaactiva.eu\/index.php?rest_route=%2Fwp%2Fv2%2Ftags&post=797"}],"curies":[{"name":"wp","href":"https:\/\/api.w.org\/{rel}","templated":true}]}}