{"id":775,"date":"2015-03-29T10:52:22","date_gmt":"2015-03-29T09:52:22","guid":{"rendered":"http:\/\/democraciaactiva.eu\/?p=775"},"modified":"2015-03-29T10:52:22","modified_gmt":"2015-03-29T09:52:22","slug":"para-que-sirve-un-carril-bici","status":"publish","type":"post","link":"https:\/\/democraciaactiva.eu\/?p=775","title":{"rendered":"\u00bfPara qu\u00e9 sirve un carril bici?"},"content":{"rendered":"<p>Tras la publicaci\u00f3n del \u00faltimo <a title=\"Ciclistas salt\u00e1ndose un STOP\" href=\"https:\/\/www.youtube.com\/watch?v=4wqwvBOG81I\" target=\"_blank\">video en el que unos ciclistas pon\u00edan en riesgo sus vidas<\/a> y las de los dem\u00e1s salt\u00e1ndose un STOP a la entrada de la A7 en Estepona, ha surgido cierta pol\u00e9mica sobre la utilizaci\u00f3n de las v\u00edas por parte de estos usuarios.<\/p>\n<p>Al parecer algunos desconocen las normas de circulaci\u00f3n y creen, por ejemplo, que en una rotonda siempre tendr\u00edan preferencia, o que los carriles bici son de uso opcional (si se encuentran debidamente se\u00f1alizados con una R-407a son de uso obligatorio), incluso se nos han dado casos en que circulan por aceras como si tuvieran total impunidad ante las normas. Algunos alegan que no se puede circular a 30 km\/h por ellas&#8230; pero tampoco los conductores circulan a 100 km\/h por ciudad. La convivencia es cosa de todos, y si quieren m\u00e1s velocidad siempre pueden alquilarse un circuito o salir a v\u00edas que lo permitan.<\/p>\n<p>L\u00f3gicamente<strong>\u00a0no nos compete educar a estos supuestos ciclistas<\/strong>, que son un muy reducido n\u00famero sobre los que habitualmente disfrutan de este deporte, ni tampoco sancionarles por sus infracciones, pero entendemos que s\u00ed <strong>es posible consultar la situaci\u00f3n que critican<\/strong>, en ocasiones con raz\u00f3n, de las v\u00edas ciclistas municipales.<\/p>\n<p>La invasi\u00f3n de estas v\u00edas por parte de otros usuarios, como peatones de paseo con sus mascotas, tambi\u00e9n est\u00e1 prohibida en carriles debidamente se\u00f1alizados, y no parece posible que la administraci\u00f3n desconozca estas pr\u00e1cticas, por lo que se ha abierto un expediente informativo al objeto de comprender por qu\u00e9 se permite.<img decoding=\"async\" loading=\"lazy\" class=\" size-medium wp-image-776 aligncenter\" src=\"https:\/\/democraciaactiva.eu\/wp-content\/uploads\/2015\/03\/Peaton-2-300x228.jpg\" alt=\"Peaton 2\" width=\"300\" height=\"228\" \/><\/p>\n<p>En diez minutos se han detectado en apenas 200 metros de carril bici que cinco usuarios utilizaban correctamente la v\u00eda en sus bicicletas, dos ciclistas usaban la calzada, y tres peatones circulaban por la zona ciclista incluso, en uno de los casos, teniendo al lado una acera en perfectas condiciones.<\/p>\n<p>La inversi\u00f3n municipal, con los impuestos de todos los ciudadanos, en v\u00edas ciclistas es importante, adem\u00e1s de c\u00f3mo afecta al resto de usuarios reduciendo la calzada, eliminando aceras, etc, por lo que entendemos que se debe priorizar su utilizaci\u00f3n.<\/p>\n<p>Por este motivo <strong>hemos solicitado al Ayuntamiento de Estepona informaci\u00f3n sobre caracter\u00edsticas t\u00e9cnicas, presupuesto, y estad\u00edstica de denuncias por mal uso de estas v\u00edas<\/strong>. Con ello, adem\u00e1s de llamar la atenci\u00f3n a la administraci\u00f3n sobre este bien p\u00fablico, se pretende conocer el grado de importancia que se le est\u00e1 dando, antes de solicitar, en su caso, una mayor implicaci\u00f3n y respeto a las normas sobre estas infraestructuras.<a href=\"https:\/\/democraciaactiva.eu\/wp-content\/uploads\/2015\/03\/S15400-3_resize_resize.jpg\"><img decoding=\"async\" loading=\"lazy\" class=\" size-medium wp-image-778 aligncenter\" src=\"https:\/\/democraciaactiva.eu\/wp-content\/uploads\/2015\/03\/S15400-3_resize_resize-212x300.jpg\" alt=\"S15400-3_resize_resize\" width=\"212\" height=\"300\" \/><\/a> <\/p>\n","protected":false},"excerpt":{"rendered":"<div class=\"mh-excerpt\"><p>Tras la publicaci\u00f3n del \u00faltimo video en el que unos ciclistas pon\u00edan en riesgo sus vidas y las de los dem\u00e1s salt\u00e1ndose un STOP a <a class=\"mh-excerpt-more\" href=\"https:\/\/democraciaactiva.eu\/?p=775\" title=\"\u00bfPara qu\u00e9 sirve un carril bici?\">[&#8230;]<\/a><\/p>\n<\/div>","protected":false},"author":1,"featured_media":0,"comment_status":"closed","ping_status":"open","sticky":false,"template":"","format":"standard","meta":[],"categories":[5,12],"tags":[],"_links":{"self":[{"href":"https:\/\/democraciaactiva.eu\/index.php?rest_route=\/wp\/v2\/posts\/775"}],"collection":[{"href":"https:\/\/democraciaactiva.eu\/index.php?rest_route=\/wp\/v2\/posts"}],"about":[{"href":"https:\/\/democraciaactiva.eu\/index.php?rest_route=\/wp\/v2\/types\/post"}],"author":[{"embeddable":true,"href":"https:\/\/democraciaactiva.eu\/index.php?rest_route=\/wp\/v2\/users\/1"}],"replies":[{"embeddable":true,"href":"https:\/\/democraciaactiva.eu\/index.php?rest_route=%2Fwp%2Fv2%2Fcomments&post=775"}],"version-history":[{"count":0,"href":"https:\/\/democraciaactiva.eu\/index.php?rest_route=\/wp\/v2\/posts\/775\/revisions"}],"wp:attachment":[{"href":"https:\/\/democraciaactiva.eu\/index.php?rest_route=%2Fwp%2Fv2%2Fmedia&parent=775"}],"wp:term":[{"taxonomy":"category","embeddable":true,"href":"https:\/\/democraciaactiva.eu\/index.php?rest_route=%2Fwp%2Fv2%2Fcategories&post=775"},{"taxonomy":"post_tag","embeddable":true,"href":"https:\/\/democraciaactiva.eu\/index.php?rest_route=%2Fwp%2Fv2%2Ftags&post=775"}],"curies":[{"name":"wp","href":"https:\/\/api.w.org\/{rel}","templated":true}]}}