{"id":753,"date":"2015-02-19T21:30:13","date_gmt":"2015-02-19T20:30:13","guid":{"rendered":"http:\/\/democraciaactiva.eu\/?p=753"},"modified":"2015-02-19T21:30:13","modified_gmt":"2015-02-19T20:30:13","slug":"telecinco-insiste-al-concello-de-vigo-sobre-la-denuncia-de-dca","status":"publish","type":"post","link":"https:\/\/democraciaactiva.eu\/?p=753","title":{"rendered":"Telecinco insiste al Concello de Vigo sobre la denuncia de DCA."},"content":{"rendered":"<p>Pasado casi un mes desde <strong>la denuncia que Defensa Ciudadana Activa puso por la ocupaci\u00f3n de plazas reservadas para movilidad reducida por un Polic\u00eda Local en Vigo<\/strong>, a\u00fan no hay respuesta oficial, ni siquiera la obligatoria sobre plazos y efectos del silencio administrativo, por lo que en unos d\u00edas se har\u00e1 un recordatorio siguiendo el protocolo de actuaci\u00f3n ante las administraciones p\u00fablicas.<\/p>\n<p>Sin embargo, los medios de comunicaci\u00f3n siguen interes\u00e1ndose por lo ocurrido y <a href=\"http:\/\/www.telecinco.es\/informativos\/sociedad\/Vigo-plaza_discapacitados-policcia_foral-sancion-grua-ocupacion_2_1942530186.html#\" target=\"_blank\">hoy hemos visto en Telecinco alg\u00fan dato m\u00e1s<\/a>. Como el que les han indicado que el agente propietario del veh\u00edculo podr\u00eda ser el encargado de avisar a la gr\u00faa en la zona, lo cual reforzaba su inmunidad, y\u00a0c\u00f3mo el Concejal de Tr\u00e1fico de Vigo ha confirmado que est\u00e1n \u00abinvestigando los hechos\u00bb. <strong>\u00bfUn mes y a\u00fan no saben qui\u00e9n es el propietario del veh\u00edculo? Nosotros podr\u00edamos dec\u00edrselo en cinco minutos<\/strong> con un coste de unos euros, aunque la administraci\u00f3n p\u00fablica tiene acceso gratis, as\u00ed que parece incre\u00edble tanta incompetencia.<\/p>\n<p>En la denuncia voluntaria no s\u00f3lo ped\u00edamos la sanci\u00f3n que correspondiera por la infracci\u00f3n, si no conocer qu\u00e9 medidas disciplinarias tomar\u00edan teniendo en cuenta lo establecido en el Estatuto B\u00e1sico del Empleado P\u00fablico.<\/p>\n<p><a href=\"https:\/\/democraciaactiva.eu\/wp-content\/uploads\/2015\/02\/S15392-5_P\u00e1gina_2_resize.jpg\"><br \/>\n<\/a> <a href=\"https:\/\/democraciaactiva.eu\/wp-content\/uploads\/2015\/02\/S15392-5_P\u00e1gina_1_resize.jpg\"><img decoding=\"async\" loading=\"lazy\" class=\"aligncenter wp-image-754 size-medium\" src=\"https:\/\/democraciaactiva.eu\/wp-content\/uploads\/2015\/02\/S15392-5_P\u00e1gina_1_resize-212x300.jpg\" alt=\"S15392-5_P\u00e1gina_1_resize\" width=\"212\" height=\"300\" \/><\/a><a href=\"https:\/\/democraciaactiva.eu\/wp-content\/uploads\/2015\/02\/S15392-5_P\u00e1gina_2_resize.jpg\"><img decoding=\"async\" loading=\"lazy\" class=\"aligncenter wp-image-755 size-medium\" src=\"https:\/\/democraciaactiva.eu\/wp-content\/uploads\/2015\/02\/S15392-5_P\u00e1gina_2_resize-213x300.jpg\" alt=\"S15392-5_P\u00e1gina_2_resize\" width=\"213\" height=\"300\" \/><\/a><\/p>\n<p>&nbsp; <\/p>\n","protected":false},"excerpt":{"rendered":"<div class=\"mh-excerpt\"><p>Pasado casi un mes desde la denuncia que Defensa Ciudadana Activa puso por la ocupaci\u00f3n de plazas reservadas para movilidad reducida por un Polic\u00eda Local <a class=\"mh-excerpt-more\" href=\"https:\/\/democraciaactiva.eu\/?p=753\" title=\"Telecinco insiste al Concello de Vigo sobre la denuncia de DCA.\">[&#8230;]<\/a><\/p>\n<\/div>","protected":false},"author":1,"featured_media":0,"comment_status":"closed","ping_status":"open","sticky":false,"template":"","format":"standard","meta":[],"categories":[12],"tags":[],"_links":{"self":[{"href":"https:\/\/democraciaactiva.eu\/index.php?rest_route=\/wp\/v2\/posts\/753"}],"collection":[{"href":"https:\/\/democraciaactiva.eu\/index.php?rest_route=\/wp\/v2\/posts"}],"about":[{"href":"https:\/\/democraciaactiva.eu\/index.php?rest_route=\/wp\/v2\/types\/post"}],"author":[{"embeddable":true,"href":"https:\/\/democraciaactiva.eu\/index.php?rest_route=\/wp\/v2\/users\/1"}],"replies":[{"embeddable":true,"href":"https:\/\/democraciaactiva.eu\/index.php?rest_route=%2Fwp%2Fv2%2Fcomments&post=753"}],"version-history":[{"count":0,"href":"https:\/\/democraciaactiva.eu\/index.php?rest_route=\/wp\/v2\/posts\/753\/revisions"}],"wp:attachment":[{"href":"https:\/\/democraciaactiva.eu\/index.php?rest_route=%2Fwp%2Fv2%2Fmedia&parent=753"}],"wp:term":[{"taxonomy":"category","embeddable":true,"href":"https:\/\/democraciaactiva.eu\/index.php?rest_route=%2Fwp%2Fv2%2Fcategories&post=753"},{"taxonomy":"post_tag","embeddable":true,"href":"https:\/\/democraciaactiva.eu\/index.php?rest_route=%2Fwp%2Fv2%2Ftags&post=753"}],"curies":[{"name":"wp","href":"https:\/\/api.w.org\/{rel}","templated":true}]}}