{"id":740,"date":"2015-02-16T18:43:03","date_gmt":"2015-02-16T17:43:03","guid":{"rendered":"http:\/\/democraciaactiva.eu\/?p=740"},"modified":"2015-02-16T18:43:03","modified_gmt":"2015-02-16T17:43:03","slug":"dca-inicia-un-expediente-informativo-sobre-la-vig-bay","status":"publish","type":"post","link":"https:\/\/democraciaactiva.eu\/?p=740","title":{"rendered":"DCA inicia un expediente informativo sobre la Vig-Bay"},"content":{"rendered":"<p>Tras la exclusi\u00f3n el pasado a\u00f1o de corredores con discapacidad que solicitaron participar en la Vig-Bay (Medio Marat\u00f3n que se realiza entre Vigo y Bayona), tanto los responsables del evento deportivo como las administraciones p\u00fablicas implicadas al parecer aseguraron que se corregir\u00edan las deficiencias, supuestamente t\u00e9cnicas, para que todos pudieran participar. Al parecer era posible su participaci\u00f3n hasta el a\u00f1o 2.004, cuando se decidi\u00f3 por motivos que se desconocen que no participaran atletas discapacitados.<\/p>\n<p>Este a\u00f1o llam\u00f3 la atenci\u00f3n la publicidad que ha hecho la organizaci\u00f3n de la prueba sobre la inclusi\u00f3n de categor\u00edas para discapacitados, insistiendo en las aportaciones de varias organizaciones y administraciones p\u00fablicas, para la creaci\u00f3n de un reglamento espec\u00edfico para deportistas con discapacidad. A pesar de la aparente voluntad de integraci\u00f3n,\u00a0<strong>hay diferencias notables entre los requisitos que se exigen seg\u00fan el reglamento que se aplique.<\/strong><\/p>\n<p>Aunque se desconoce cu\u00e1ndo ni por qui\u00e9n fue aprobado el reglamento, y al parecer se modifica bastante, aqu\u00ed pueden consultarse los dos publicados inicialmente:<\/p>\n<p><a href=\"https:\/\/democraciaactiva.eu\/wp-content\/uploads\/2015\/02\/Reglamento-Vig-Bay.pdf\">Reglamento Vig Bay<\/a><\/p>\n<p><a href=\"https:\/\/democraciaactiva.eu\/wp-content\/uploads\/2015\/02\/Reglamento-Vig-Bay-espec\u00edfico-Discapacidad.pdf\">Reglamento Vig Bay espec\u00edfico Discapacidad<\/a><\/p>\n<p>Por ello desde DCA se ha considerado abrir un expediente informativo sobre estas diferencias, y si son posibles en un evento deportivo que utiliza medios p\u00fablicos e incluso recibe subvenciones p\u00fablicas para su desarrollo. \u00abLas fuentes consultadas insisten en que todo se debe a una mala interpretaci\u00f3n del reglamento, pero no las aclaran, por lo que las dudas permanecen.\u00bb<\/p>\n<p>Aunque la discriminaci\u00f3n parece evidente si se tiene en cuenta que el a\u00f1o pasado varios deportistas discapacitados no pudieron participar, no puede cuantificarse cu\u00e1nto ha afectado porque l\u00f3gicamente no se hace p\u00fablico el n\u00famero de inscripciones rechazadas. No obstante, la <strong>Ley 3\/2012 del deporte de Galicia<\/strong> desde su art. 3 indica como principios rectores:<\/p>\n<ul>\n<li><b>a) <\/b>La consideraci\u00f3n del deporte como actividad de inter\u00e9s p\u00fablico, con el reconocimiento de las especiales funciones que, para el individuo y la sociedad, posee.<\/li>\n<li><b>b) <\/b>El derecho de todos los ciudadanos a conocer y a practicar deporte de forma libre, voluntaria y democr\u00e1tica, en t\u00e9rminos de igualdad y sin discriminaci\u00f3n alguna.<\/li>\n<li><b>c) <\/b>La consecuci\u00f3n de una pr\u00e1ctica deportiva adaptada a las condiciones de cada individuo.<\/li>\n<\/ul>\n<p>Por ello desde DCA intentar\u00e1n aclarar ciertos puntos concretos del pol\u00e9mico reglamento:<\/p>\n<p>1.- <strong>Obligaci\u00f3n de estar federados s\u00f3lo para deportistas con discapacidad.<\/strong> Aunque la prueba no es oficial, y no se exige estar federado a ning\u00fan corredor, para poder inscribirse los ciudadanos que presenten alguna discapacidad necesitan estar federados. Ello obviamente causar\u00eda que deportistas aficionados, a\u00fan teniendo buenas marcas, quedaran excluidos, por lo que podr\u00eda considerarse claramente discriminatorio.<\/p>\n<p>2.- <strong>N\u00famero m\u00e1ximo de inscritos 5.500, discapacitados 30 (menos del 1%).\u00a0<\/strong>Si bien no debe ser un problema porque, normalmente, no suelen inscribirse tantos deportistas con discapacidad en esta prueba, llama la atenci\u00f3n que mientras en otro tipo de eventos se les da un car\u00e1cter preferente, en esta prueba tienen un car\u00e1cter residual. No pasar\u00eda nada por no limitar el n\u00famero y atender a la fecha de inscripci\u00f3n (en igualdad de oportunidades), o incluso darles preferencia. En cualquier caso, es un aspecto sobre el que las administraciones competentes entendemos que pueden pronunciarse tambi\u00e9n.<\/p>\n<p>3.- <strong>Inscripciones de discapacitados, s\u00f3lo por email.<\/strong> Curiosamente, mientras que\u00a0en la secci\u00f3n de preguntas frecuentes permite inscribirse directamente por la web o en la sede del Club de Corredores de la Vig-Bay, seg\u00fan el reglamento para atletas con discapacidad a \u00e9stos s\u00f3lo se les permite inscribirse por email, aunque tampoco se dice a cual. Desconocemos si es porque consideran la sede totalmente inaccesible, porque los correos electr\u00f3nicos no dejan acuse de recibo v\u00e1lido, o por alg\u00fan complejo e inexplicable motivo t\u00e9cnico o de seguridad que obligue a esta nueva diferenciaci\u00f3n.<\/p>\n<p>4.- <strong>M\u00ednimo de atletas por categor\u00eda para participar.<\/strong> El reglamento general establece que cuando no exista un m\u00ednimo de tres participantes por categor\u00eda, \u00e9stos se incluir\u00e1n en la inmediata inferior. Sin embargo, los atletas con discapacidad deben conseguir acompa\u00f1antes hasta un m\u00ednimo de 3 o directamente quedan excluidos de la carrera.<\/p>\n<p>5.- <strong>Obligaci\u00f3n de llevar repuestos y accesorios.\u00a0<\/strong>Mientras en otras carreras oficiales y populares no es obligatorio, en la Vig-Bay se obliga a los atletas de hand bike a llevar c\u00e1mara de respuesto, bomb\u00edn de inflado y botell\u00edn de agua. Sobre lo \u00faltimo, existiendo los mismos puntos de avituallamiento, si lo consideran tan necesario deber\u00eda ser obligatorio para todos, \u00bfno? Pero lo m\u00e1s curioso es que se pida llevar repuestos cuando no se exige poder cambiarlos (no todos los atletas saben o pueden cambiar una rueda en carrera) y adem\u00e1s si hay un problema probablemente fueran descalificados por alcance de los corredores.<\/p>\n<p>6.- <strong>Posibilidad de Dorsal Ben\u00e9fico.<\/strong><strong>\u00a0<\/strong>La organizaci\u00f3n ha previsto para los corredores la posibilidad de adquirir un dorsal ben\u00e9fico, cuya diferencia de precio ir\u00eda en beneficio de la Asociaci\u00f3n de Ayuda a los Ni\u00f1os Oncol\u00f3gicos de Galicia. Sin embargo, seg\u00fan la informaci\u00f3n de su portada si eres atleta discapacitado no tienes esa opci\u00f3n.<\/p>\n<p>Adem\u00e1s del problema planteado por la posible discriminaci\u00f3n entre atletas, nos llama la atenci\u00f3n igualmente que este Club de Corredores de la Vig Bay <a title=\"Ficheros AGPD\" href=\"http:\/\/www.agpd.es\/portalwebAGPD\/ficheros_inscritos\/titularidad_privada\/resultado_busqueda_privada_empresa-ides-idphp.php?searchType=rrQLvg9Cc64%3D&amp;razon_social=jj2I9RJDSZpcaCTi5CL7MjgGqxfM1mIBpvp3Riw%2BxkY%3D&amp;NIF=oXmbx0k8VpJA6OluRLVaSw%3D%3D&amp;nombre_doarc=&amp;calle_plaza=&amp;localidad=&amp;provincia=&amp;cod_postal=&amp;nombre_fich=&amp;cfichero=&amp;finalidad_usos=&amp;texto_libre=\" target=\"_blank\">mantenga registrados ficheros con datos de los atletas con finalidad comercial<\/a>, incluyendo im\u00e1genes y voz. De hecho, <strong>el listado de participantes con nombre, apellidos y a\u00f1o de nacimiento puede ser consultado de forma p\u00fablica en la web<\/strong>. Ello sugiere consulta a la Agencia Espa\u00f1ola de Protecci\u00f3n de Datos por si las im\u00e1genes y datos de los participantes estuvieran siendo almacenados sin conocimiento y expreso consentimiento escrito de \u00e9stos.<\/p>\n<p>De este modo,<strong> se iniciar\u00e1n las correspondientes solicitudes a las administraciones competentes<\/strong>, siendo todo lo necesario informaci\u00f3n p\u00fablica en base al art. 13 de la Ley 19\/2013 de Transparencia, ante la Consejer\u00eda de Deporte de la Xunta de Galicia, Servicio de\u00a0Espect\u00e1culos P\u00fablicos, Agencia Espa\u00f1ola de Protecci\u00f3n de Datos, as\u00ed como administraciones locales implicadas y Defensor del Pueblo.<\/p>\n<p>Esperamos que la posible confusi\u00f3n se aclare y, una vez determinado el reglamento final, <strong>todos los ciudadanos puedan participar sin excepci\u00f3n en eventos deportivos como \u00e9ste<\/strong> que utilizan infraestructuras, medios materiales y humanos, adem\u00e1s de subvenciones p\u00fablicas y no pueden siquiera aparentar causa alguna que discrimine a unos ciudadanos de otros por el simple hecho de precisar medios adicionales para practicar deporte.<\/p>\n<p>P.D.: (ironic mode on) Entendemos los que no hemos visto la carrera, que discurre probablemente por las aceras, y por ello no hay anchura suficiente para que puedan circular varios corredores, o tal vez corredores al mismo tiempo que hand bikes, por lo que tal vez la soluci\u00f3n estar\u00eda en establecer unas v\u00edas con ancho suficiente para que no se estorben, como ocurre en otros eventos deportivos (ironic mode off). No se trata de inventar la rueda, s\u00f3lo de que permitan su uso. Aqu\u00ed un ejemplo del a\u00f1o pasado en Valencia, por ejemplo, por si puede servir de\u00a0ejemplo: deporte seguro sin discriminaci\u00f3n es posible.<\/p>\n<p><a href=\"https:\/\/democraciaactiva.eu\/wp-content\/uploads\/2015\/02\/Valencia-2014.jpg\"><img decoding=\"async\" loading=\"lazy\" class=\"aligncenter  wp-image-744\" src=\"https:\/\/democraciaactiva.eu\/wp-content\/uploads\/2015\/02\/Valencia-2014-300x200.jpg\" alt=\"Valencia 2014\" width=\"585\" height=\"390\" \/><\/a> <\/p>\n","protected":false},"excerpt":{"rendered":"<div class=\"mh-excerpt\"><p>Tras la exclusi\u00f3n el pasado a\u00f1o de corredores con discapacidad que solicitaron participar en la Vig-Bay (Medio Marat\u00f3n que se realiza entre Vigo y Bayona), <a class=\"mh-excerpt-more\" href=\"https:\/\/democraciaactiva.eu\/?p=740\" title=\"DCA inicia un expediente informativo sobre la Vig-Bay\">[&#8230;]<\/a><\/p>\n<\/div>","protected":false},"author":1,"featured_media":0,"comment_status":"closed","ping_status":"open","sticky":false,"template":"","format":"standard","meta":[],"categories":[3,8],"tags":[],"_links":{"self":[{"href":"https:\/\/democraciaactiva.eu\/index.php?rest_route=\/wp\/v2\/posts\/740"}],"collection":[{"href":"https:\/\/democraciaactiva.eu\/index.php?rest_route=\/wp\/v2\/posts"}],"about":[{"href":"https:\/\/democraciaactiva.eu\/index.php?rest_route=\/wp\/v2\/types\/post"}],"author":[{"embeddable":true,"href":"https:\/\/democraciaactiva.eu\/index.php?rest_route=\/wp\/v2\/users\/1"}],"replies":[{"embeddable":true,"href":"https:\/\/democraciaactiva.eu\/index.php?rest_route=%2Fwp%2Fv2%2Fcomments&post=740"}],"version-history":[{"count":0,"href":"https:\/\/democraciaactiva.eu\/index.php?rest_route=\/wp\/v2\/posts\/740\/revisions"}],"wp:attachment":[{"href":"https:\/\/democraciaactiva.eu\/index.php?rest_route=%2Fwp%2Fv2%2Fmedia&parent=740"}],"wp:term":[{"taxonomy":"category","embeddable":true,"href":"https:\/\/democraciaactiva.eu\/index.php?rest_route=%2Fwp%2Fv2%2Fcategories&post=740"},{"taxonomy":"post_tag","embeddable":true,"href":"https:\/\/democraciaactiva.eu\/index.php?rest_route=%2Fwp%2Fv2%2Ftags&post=740"}],"curies":[{"name":"wp","href":"https:\/\/api.w.org\/{rel}","templated":true}]}}