{"id":735,"date":"2015-01-29T10:22:24","date_gmt":"2015-01-29T09:22:24","guid":{"rendered":"http:\/\/democraciaactiva.eu\/?p=735"},"modified":"2015-01-29T10:22:24","modified_gmt":"2015-01-29T09:22:24","slug":"primero-actua-luego-difunde-si-quieres","status":"publish","type":"post","link":"https:\/\/democraciaactiva.eu\/?p=735","title":{"rendered":"Las redes sociales no son cauces oficiales."},"content":{"rendered":"<p>El pasado mes de noviembre se celebraron en Jerez de la Frontera unas jornadas provinciales de participaci\u00f3n ciudadana. El encuentro tuvo lugar en el Centro C\u00edvico Blas Infante, pero parece ser que algunas personas no entendieron lo de \u00abc\u00edvico\u00bb.<\/p>\n<p>A un lugar al que asisten representantes de m\u00e1s de 90 asociaciones, casi 300 asistentes, y s\u00f3lo cuenta con dos plazas PMR, es l\u00f3gico pensar que no fueran suficientes&#8230; como as\u00ed ocurri\u00f3.<\/p>\n<p>Sin embargo, la chica de la chaqueta roja decid<span class=\"text_exposed_show\">i\u00f3 aparcar su Mercedes en una de las plazas, ocupando adem\u00e1s la zona rayada dispuesta para subida y bajada.<\/span><\/p>\n<div class=\"text_exposed_show\">\n<p>Tras aviso a Polic\u00eda Local en apenas 10 minutos se present\u00f3 la gr\u00faa, y suerte tuvo la conductora de que fue avisada y se salv\u00f3 de la retirada. Poco despu\u00e9s lleg\u00f3 otro ciudadano que pudo bajar su silla de ruedas en la zona habilitada al efecto<br \/>\n<a href=\"https:\/\/democraciaactiva.eu\/wp-content\/uploads\/2015\/01\/Jerez.jpg\"><img decoding=\"async\" loading=\"lazy\" class=\"aligncenter size-medium wp-image-736\" src=\"https:\/\/democraciaactiva.eu\/wp-content\/uploads\/2015\/01\/Jerez-225x300.jpg\" alt=\"Jerez\" width=\"225\" height=\"300\" \/><\/a><\/p>\n<p>Facebook y las redes sociales est\u00e1n muy bien para difundir curiosidades, an\u00e9cdotas como \u00e9sta, y dejar claro a los infractores que no s\u00f3lo deben temer a los controles de velocidad, pero la actuaci\u00f3n ciudadana debe ir en otro sentido. Por eso seguimos insistiendo a la ciudadan\u00eda en que utilice los cauces formales adecuados primero para solucionar los problemas. Luego siempre se puede difundir lo que se quiera.<\/p>\n<\/div>\n","protected":false},"excerpt":{"rendered":"<div class=\"mh-excerpt\"><p>El pasado mes de noviembre se celebraron en Jerez de la Frontera unas jornadas provinciales de participaci\u00f3n ciudadana. El encuentro tuvo lugar en el Centro <a class=\"mh-excerpt-more\" href=\"https:\/\/democraciaactiva.eu\/?p=735\" title=\"Las redes sociales no son cauces oficiales.\">[&#8230;]<\/a><\/p>\n<\/div>","protected":false},"author":1,"featured_media":0,"comment_status":"closed","ping_status":"open","sticky":false,"template":"","format":"standard","meta":[],"categories":[3,12],"tags":[],"_links":{"self":[{"href":"https:\/\/democraciaactiva.eu\/index.php?rest_route=\/wp\/v2\/posts\/735"}],"collection":[{"href":"https:\/\/democraciaactiva.eu\/index.php?rest_route=\/wp\/v2\/posts"}],"about":[{"href":"https:\/\/democraciaactiva.eu\/index.php?rest_route=\/wp\/v2\/types\/post"}],"author":[{"embeddable":true,"href":"https:\/\/democraciaactiva.eu\/index.php?rest_route=\/wp\/v2\/users\/1"}],"replies":[{"embeddable":true,"href":"https:\/\/democraciaactiva.eu\/index.php?rest_route=%2Fwp%2Fv2%2Fcomments&post=735"}],"version-history":[{"count":0,"href":"https:\/\/democraciaactiva.eu\/index.php?rest_route=\/wp\/v2\/posts\/735\/revisions"}],"wp:attachment":[{"href":"https:\/\/democraciaactiva.eu\/index.php?rest_route=%2Fwp%2Fv2%2Fmedia&parent=735"}],"wp:term":[{"taxonomy":"category","embeddable":true,"href":"https:\/\/democraciaactiva.eu\/index.php?rest_route=%2Fwp%2Fv2%2Fcategories&post=735"},{"taxonomy":"post_tag","embeddable":true,"href":"https:\/\/democraciaactiva.eu\/index.php?rest_route=%2Fwp%2Fv2%2Ftags&post=735"}],"curies":[{"name":"wp","href":"https:\/\/api.w.org\/{rel}","templated":true}]}}