{"id":727,"date":"2015-01-28T17:45:45","date_gmt":"2015-01-28T16:45:45","guid":{"rendered":"http:\/\/democraciaactiva.eu\/?p=727"},"modified":"2015-01-28T17:45:45","modified_gmt":"2015-01-28T16:45:45","slug":"dca-impugna-el-presupuesto-general-2-015-de-ambite-madrid","status":"publish","type":"post","link":"https:\/\/democraciaactiva.eu\/?p=727","title":{"rendered":"DCA impugna el Presupuesto General 2.015 de Ambite (Madrid)"},"content":{"rendered":"<p>La Asociaci\u00f3n Defensa Ciudadana Activa <strong>ha presentado reclamaciones al Presupuesto General 2.015 del Ayuntamiento de Ambite<\/strong> (Madrid) debido a la ausencia de partidas presupuestarias para el cumplimiento de las obligaciones legales como entidad local. En concreto se han presentado\u00a0dos reclamaciones b\u00e1sicas.<\/p>\n<p>La primera de ellas relacionada con la inexistencia de registro telem\u00e1tico que permita la comunicaci\u00f3n por medios electr\u00f3nicos con la administraci\u00f3n, seg\u00fan qued\u00f3 recogido en la Ley 11\/2007 de acceso electr\u00f3nico de los ciudadanos a los Servicios P\u00fablicos, y concretamente en\u00a0su disposici\u00f3n adicional tercera respecto a los que carecen tras el a\u00f1o 2.009 de este servicio. \u00abAmbite posee una p\u00e1gina web cuyo coste pagan los ciudadanos, pero no permite a los ciudadanos la remisi\u00f3n y registro de documentos por v\u00eda\u00a0telem\u00e1tica, por lo que debe contar con una partida presupuestaria espec\u00edfica y plazos para su desarrollo.<\/p>\n<p>En segundo lugar\u00a0se reclama la existencia de<strong> una partida espec\u00edfica destinada a mejoras en accesibilidad<\/strong>, tal como recoge el art. 36.4 de la Ley 8\/1993 de promoci\u00f3n de la accesibilidad y supresi\u00f3n de barreras arquitect\u00f3nicas, aplicable a los Ayuntamientos de\u00a0la Comunidad de Madrid.<\/p>\n<p>Adem\u00e1s de las reclamaciones, remitidas en el periodo de exposici\u00f3n p\u00fablica, se ha impugnado la sesi\u00f3n plenaria por incumplimiento de los requisitos legales para la formaci\u00f3n de la voluntad del \u00f3rgano colegiado, debido a que \u00abla convocatoria se realiz\u00f3 sin mediar dos d\u00edas h\u00e1biles con la celebraci\u00f3n de la sesi\u00f3n, en plenas fechas navide\u00f1as.\u00bb, informaron.<\/p>\n<p>Por \u00faltimo, DCA impugn\u00f3 el periodo de exposici\u00f3n p\u00fablica por no permitir el acceso durante los quince d\u00edas h\u00e1biles ni la copia del expediente. \u00abEn otros Ayuntamientos ya hemos visto casos similares, como San Roque (C\u00e1diz) o Espartinas (Sevilla), pero lo entend\u00edamos m\u00e1s por cuesti\u00f3n de desconocimiento de las normas o falta de formaci\u00f3n del personal a cargo que por mala fe, y han procurado corregir su actitud en ejercicios posteriores. <strong>\u00abEn el caso de Ambite el nivel de prepotencia de la Secretar\u00eda General no es comprensible, ya que adem\u00e1s de impedir el acceso durante d\u00edas, requiriendo la presencia de la Guardia Civil para poder ver el Presupuesto, ha llegado incluso a negar la posibilidad de que se hiciera copia del expediente o se fotografiaran algunas de sus p\u00e1ginas plasmando esta decisi\u00f3n por escrito\u00bb<\/strong>, denunciaron.<\/p>\n<p>&nbsp;<\/p>\n<p><img decoding=\"async\" loading=\"lazy\" class=\"aligncenter size-medium wp-image-728\" src=\"https:\/\/democraciaactiva.eu\/wp-content\/uploads\/2015\/01\/Contestacion-Anonimizada-218x300.jpg\" alt=\"Contestacion Anonimizada\" width=\"218\" height=\"300\" \/><\/p>\n<p>Debido al lenguaje utilizado por la Secretaria General tratando de coaccionar a\u00a0nuestros socios cuando han acudido a ver el expediente, presentaremos la petici\u00f3n de expediente contra esta funcionaria, adem\u00e1s de remitir queja formal a las instituciones oportunas, sin descartar informar a la Fiscal\u00eda de los hechos por si fueran constitutivos de delito.<\/p>\n<p><a href=\"https:\/\/democraciaactiva.eu\/wp-content\/uploads\/2015\/01\/S15393-3_P\u00e1gina_1.jpg\"><img decoding=\"async\" loading=\"lazy\" class=\"aligncenter size-medium wp-image-733\" src=\"https:\/\/democraciaactiva.eu\/wp-content\/uploads\/2015\/01\/S15393-3_P\u00e1gina_1-212x300.jpg\" alt=\"S15393-3_P\u00e1gina_1\" width=\"212\" height=\"300\" \/><\/a><a href=\"https:\/\/democraciaactiva.eu\/wp-content\/uploads\/2015\/01\/S15393-3_P\u00e1gina_2.jpg\"><img decoding=\"async\" loading=\"lazy\" class=\"aligncenter size-medium wp-image-730\" src=\"https:\/\/democraciaactiva.eu\/wp-content\/uploads\/2015\/01\/S15393-3_P\u00e1gina_2-212x300.jpg\" alt=\"S15393-3_P\u00e1gina_2\" width=\"212\" height=\"300\" \/><img decoding=\"async\" loading=\"lazy\" class=\"aligncenter size-medium wp-image-731\" src=\"https:\/\/democraciaactiva.eu\/wp-content\/uploads\/2015\/01\/S15393-3_P\u00e1gina_3-212x300.jpg\" alt=\"S15393-3_P\u00e1gina_3\" width=\"212\" height=\"300\" \/><\/a> <\/p>\n","protected":false},"excerpt":{"rendered":"<div class=\"mh-excerpt\"><p>La Asociaci\u00f3n Defensa Ciudadana Activa ha presentado reclamaciones al Presupuesto General 2.015 del Ayuntamiento de Ambite (Madrid) debido a la ausencia de partidas presupuestarias para <a class=\"mh-excerpt-more\" href=\"https:\/\/democraciaactiva.eu\/?p=727\" title=\"DCA impugna el Presupuesto General 2.015 de Ambite (Madrid)\">[&#8230;]<\/a><\/p>\n<\/div>","protected":false},"author":1,"featured_media":0,"comment_status":"closed","ping_status":"open","sticky":false,"template":"","format":"standard","meta":[],"categories":[5,8],"tags":[],"_links":{"self":[{"href":"https:\/\/democraciaactiva.eu\/index.php?rest_route=\/wp\/v2\/posts\/727"}],"collection":[{"href":"https:\/\/democraciaactiva.eu\/index.php?rest_route=\/wp\/v2\/posts"}],"about":[{"href":"https:\/\/democraciaactiva.eu\/index.php?rest_route=\/wp\/v2\/types\/post"}],"author":[{"embeddable":true,"href":"https:\/\/democraciaactiva.eu\/index.php?rest_route=\/wp\/v2\/users\/1"}],"replies":[{"embeddable":true,"href":"https:\/\/democraciaactiva.eu\/index.php?rest_route=%2Fwp%2Fv2%2Fcomments&post=727"}],"version-history":[{"count":0,"href":"https:\/\/democraciaactiva.eu\/index.php?rest_route=\/wp\/v2\/posts\/727\/revisions"}],"wp:attachment":[{"href":"https:\/\/democraciaactiva.eu\/index.php?rest_route=%2Fwp%2Fv2%2Fmedia&parent=727"}],"wp:term":[{"taxonomy":"category","embeddable":true,"href":"https:\/\/democraciaactiva.eu\/index.php?rest_route=%2Fwp%2Fv2%2Fcategories&post=727"},{"taxonomy":"post_tag","embeddable":true,"href":"https:\/\/democraciaactiva.eu\/index.php?rest_route=%2Fwp%2Fv2%2Ftags&post=727"}],"curies":[{"name":"wp","href":"https:\/\/api.w.org\/{rel}","templated":true}]}}