{"id":719,"date":"2015-01-22T09:09:45","date_gmt":"2015-01-22T08:09:45","guid":{"rendered":"http:\/\/democraciaactiva.eu\/?p=719"},"modified":"2015-01-22T09:09:45","modified_gmt":"2015-01-22T08:09:45","slug":"hasta-las-narices-y-un-poquito-mas","status":"publish","type":"post","link":"https:\/\/democraciaactiva.eu\/?p=719","title":{"rendered":"Hasta las narices&#8230; y un poquito m\u00e1s."},"content":{"rendered":"<p>Sirva como ejemplo del motivo por el que los ciudadanos est\u00e1n obligados a defender sus derechos cada d\u00eda, esta denuncia voluntaria que hemos remitido a la Polic\u00eda Local de Vigo.<\/p>\n<p>En la fotograf\u00eda puede apreciarse un veh\u00edculo Audi TT que reiterada y sistem\u00e1ticamente estaciona en la plaza reservada para personas con movilidad reducida sita en la C\/Pracer de Vigo. A pocos metros se encuentra la Jefatura de la Polic\u00eda Local, por lo que lo primero que llama la atenci\u00f3n es que no se denuncie ning\u00fan d\u00eda a este veh\u00edculo.<\/p>\n<p><a href=\"https:\/\/democraciaactiva.eu\/wp-content\/uploads\/2015\/01\/Dia-20-15-2.jpg\"><img decoding=\"async\" loading=\"lazy\" class=\"aligncenter size-medium wp-image-720\" src=\"https:\/\/democraciaactiva.eu\/wp-content\/uploads\/2015\/01\/Dia-20-15-2-225x300.jpg\" alt=\"Dia 20-15-2\" width=\"225\" height=\"300\" \/><\/a><\/p>\n<p>Pasan los d\u00edas y otro detalle llama la atenci\u00f3n, y es que no s\u00f3lo utiliza la PMR, sino tambi\u00e9n zonas rayadas dificultando la circulaci\u00f3n, y cuando un agente de Polic\u00eda Local se acerca un buen d\u00eda&#8230; \u00bfser\u00eda para denunciarlo?&#8230; pues no, s\u00f3lo pasaba a recoger su veh\u00edculo&#8230;<\/p>\n<p><a href=\"https:\/\/democraciaactiva.eu\/wp-content\/uploads\/2015\/01\/Dia-15-16.jpg\"><img decoding=\"async\" loading=\"lazy\" class=\"aligncenter size-medium wp-image-721\" src=\"https:\/\/democraciaactiva.eu\/wp-content\/uploads\/2015\/01\/Dia-15-16-225x300.jpg\" alt=\"Dia 15-16\" width=\"225\" height=\"300\" \/><\/a><\/p>\n<p>De hecho, el agente al parecer estaciona diariamente su veh\u00edculo en la PMR hasta que, desde su puesto de trabajo, ve que tiene un huequecito en las plazas del Ayuntamiento, situado a escasos 200 metros, y tranquilamente se lo lleva horas despu\u00e9s, como puede apreciarse en este video.<\/p>\n<p><iframe loading=\"lazy\" title=\"Policia Local Vigo\" width=\"500\" height=\"281\" src=\"https:\/\/www.youtube.com\/embed\/5nHdN4fMGtc?feature=oembed\" frameborder=\"0\" allow=\"accelerometer; autoplay; clipboard-write; encrypted-media; gyroscope; picture-in-picture; web-share\" allowfullscreen><\/iframe><\/p>\n<p>Por este motivo se ha remitido denuncia voluntaria al Concello de Vigo, con copia a la Jefatura de Polic\u00eda Local, contra el propietario del Audi TT esperando que tomen las medidas oportunas al respecto. Ya de paso se ha recordado la obligaci\u00f3n del agente de colocar en lugar visible el adhesivo V-19 como comprobante de haber pasado la ITV, as\u00ed como solicitado que se inicie expediente conforme al Estatuto del Empleado P\u00fablico contra el funcionario que claramente desatendi\u00f3 su obligaci\u00f3n en la vigilancia de las normas de tr\u00e1fico infringi\u00e9ndolas \u00e9l mismo.<\/p>\n<p>En nuestro sistema actual no podemos dejarlo todo a las supuestas autoridades, debido al clima de corrupci\u00f3n generalizada y falta de respeto por los derechos ciudadanos que, desgraciadamente, impera en demasiadas administraciones. Los pol\u00edticos por su parte est\u00e1n demasiado ocupados intentando conservar los sillones, por lo que animamos a la ciudadan\u00eda a poner los puntos sobre las \u00edes y defenderse de las injustas situaciones que todos podemos ver a diario. <\/p>\n","protected":false},"excerpt":{"rendered":"<div class=\"mh-excerpt\"><p>Sirva como ejemplo del motivo por el que los ciudadanos est\u00e1n obligados a defender sus derechos cada d\u00eda, esta denuncia voluntaria que hemos remitido a <a class=\"mh-excerpt-more\" href=\"https:\/\/democraciaactiva.eu\/?p=719\" title=\"Hasta las narices&#8230; y un poquito m\u00e1s.\">[&#8230;]<\/a><\/p>\n<\/div>","protected":false},"author":1,"featured_media":0,"comment_status":"closed","ping_status":"open","sticky":false,"template":"","format":"standard","meta":[],"categories":[3,8,12],"tags":[],"_links":{"self":[{"href":"https:\/\/democraciaactiva.eu\/index.php?rest_route=\/wp\/v2\/posts\/719"}],"collection":[{"href":"https:\/\/democraciaactiva.eu\/index.php?rest_route=\/wp\/v2\/posts"}],"about":[{"href":"https:\/\/democraciaactiva.eu\/index.php?rest_route=\/wp\/v2\/types\/post"}],"author":[{"embeddable":true,"href":"https:\/\/democraciaactiva.eu\/index.php?rest_route=\/wp\/v2\/users\/1"}],"replies":[{"embeddable":true,"href":"https:\/\/democraciaactiva.eu\/index.php?rest_route=%2Fwp%2Fv2%2Fcomments&post=719"}],"version-history":[{"count":0,"href":"https:\/\/democraciaactiva.eu\/index.php?rest_route=\/wp\/v2\/posts\/719\/revisions"}],"wp:attachment":[{"href":"https:\/\/democraciaactiva.eu\/index.php?rest_route=%2Fwp%2Fv2%2Fmedia&parent=719"}],"wp:term":[{"taxonomy":"category","embeddable":true,"href":"https:\/\/democraciaactiva.eu\/index.php?rest_route=%2Fwp%2Fv2%2Fcategories&post=719"},{"taxonomy":"post_tag","embeddable":true,"href":"https:\/\/democraciaactiva.eu\/index.php?rest_route=%2Fwp%2Fv2%2Ftags&post=719"}],"curies":[{"name":"wp","href":"https:\/\/api.w.org\/{rel}","templated":true}]}}