{"id":713,"date":"2015-01-16T14:11:49","date_gmt":"2015-01-16T13:11:49","guid":{"rendered":"http:\/\/democraciaactiva.eu\/?p=713"},"modified":"2015-01-16T14:11:49","modified_gmt":"2015-01-16T13:11:49","slug":"713-2","status":"publish","type":"post","link":"https:\/\/democraciaactiva.eu\/?p=713","title":{"rendered":"Aviso a navegantes"},"content":{"rendered":"<p><a href=\"https:\/\/democraciaactiva.eu\/wp-content\/uploads\/2015\/01\/Burrocracia.jpeg\"><img decoding=\"async\" loading=\"lazy\" class=\"aligncenter size-full wp-image-714\" src=\"https:\/\/democraciaactiva.eu\/wp-content\/uploads\/2015\/01\/Burrocracia.jpeg\" alt=\"Burrocracia\" width=\"251\" height=\"201\" \/><\/a>A nuestr@s estimad@s pol\u00edtic@s, funcionari@s, t\u00e9cnic@s, y cargos varios de las Administraciones e Instituciones P\u00fablicas.<\/p>\n<p>Hasta el momento confiamos en dos formas de comunicarnos con ustedes (los rezos no han sido admitidos por nuestros socios, de momento) para trasladarles nuestras peticiones.<\/p>\n<p>La primera es verbalmente, mediante reuni\u00f3n presencial, que acaba ah\u00ed en caso de que consideren nuestras propuestas, resolviendo la cuesti\u00f3n con alguna actuaci\u00f3n o haya explicaci\u00f3n sob<span class=\"text_exposed_show\">re el motivo por el que no son viables.<\/span><\/p>\n<div class=\"text_exposed_show\">\n<p>La segunda, en caso de que no sea posible la primera o nos pidan expr\u00e9samente que <strong>\u00abcualquier comunicaci\u00f3n se haga por escrito\u00bb<\/strong> ser\u00e1, como as\u00ed nos piden en ocasiones, mediante el correspondiente procedimiento administrativo.<\/p>\n<p>Aclaramos esto para que luego no se quejen si les parecen <strong>\u00abdemasiados papeles\u00bb<\/strong>. Cuando las cosas se hacen por escrito se hacen con las formalidades de la Legislaci\u00f3n aplicable en su caso, pero no para que se archive en la papelera m\u00e1s cercana o en alg\u00fan caj\u00f3n olvidado por ah\u00ed, ni para que luego nos vengan con que \u00abmejor lo hablamos\u00bb.<\/p>\n<p>Si no hay contestaci\u00f3n por escrito, <strong>exigiremos informaci\u00f3n sobre plazos y efectos del silencio administrativo, la identificaci\u00f3n de las autoridades o personal responsables del expediente, el certificado de silencio administrativo en su caso, la apertura de expediente disciplinario si entendemos que alguien no cumple sus funciones, recurriremos en reposici\u00f3n, en alzada, en el contencioso-administrativo si es necesario, sin descartar la queja a las instituciones competentes. Y sobre todo exigiendo el cumplimiento del art. 113.3 de la Ley 30\/92 por el que cualquier resoluci\u00f3n debe tener en cuenta todas las cuestiones planteadas<\/strong>. Si quieren pasar por alto alguna cuesti\u00f3n planteada, no se averg\u00fcencen, pero en lugar de hacer una resoluci\u00f3n en falso preferimos que nos den el certificado de silencio administrativo y nos vemos en el Contencioso, que seguro que a su se\u00f1or\u00eda le podr\u00e1n explicar mejor sus motivos.<\/p>\n<p>Por eso, a las administraciones que contestan a nuestros socios en m\u00e1s de una ocasi\u00f3n con eso de que \u00abcualquier petici\u00f3n debe hacerla usted por escrito\u00bb, les recordamos que entendemos perfectamente el castellano y somos muy obedientes, pero luego<strong> no nos vengan con quejas porque es el procedimiento que ustedes, voluntariamente, han elegido <\/strong>como medio preferente de comunicaci\u00f3n.<\/p>\n<\/div>\n","protected":false},"excerpt":{"rendered":"<div class=\"mh-excerpt\"><p>A nuestr@s estimad@s pol\u00edtic@s, funcionari@s, t\u00e9cnic@s, y cargos varios de las Administraciones e Instituciones P\u00fablicas. Hasta el momento confiamos en dos formas de comunicarnos con <a class=\"mh-excerpt-more\" href=\"https:\/\/democraciaactiva.eu\/?p=713\" title=\"Aviso a navegantes\">[&#8230;]<\/a><\/p>\n<\/div>","protected":false},"author":1,"featured_media":0,"comment_status":"closed","ping_status":"open","sticky":false,"template":"","format":"standard","meta":[],"categories":[12],"tags":[],"_links":{"self":[{"href":"https:\/\/democraciaactiva.eu\/index.php?rest_route=\/wp\/v2\/posts\/713"}],"collection":[{"href":"https:\/\/democraciaactiva.eu\/index.php?rest_route=\/wp\/v2\/posts"}],"about":[{"href":"https:\/\/democraciaactiva.eu\/index.php?rest_route=\/wp\/v2\/types\/post"}],"author":[{"embeddable":true,"href":"https:\/\/democraciaactiva.eu\/index.php?rest_route=\/wp\/v2\/users\/1"}],"replies":[{"embeddable":true,"href":"https:\/\/democraciaactiva.eu\/index.php?rest_route=%2Fwp%2Fv2%2Fcomments&post=713"}],"version-history":[{"count":0,"href":"https:\/\/democraciaactiva.eu\/index.php?rest_route=\/wp\/v2\/posts\/713\/revisions"}],"wp:attachment":[{"href":"https:\/\/democraciaactiva.eu\/index.php?rest_route=%2Fwp%2Fv2%2Fmedia&parent=713"}],"wp:term":[{"taxonomy":"category","embeddable":true,"href":"https:\/\/democraciaactiva.eu\/index.php?rest_route=%2Fwp%2Fv2%2Fcategories&post=713"},{"taxonomy":"post_tag","embeddable":true,"href":"https:\/\/democraciaactiva.eu\/index.php?rest_route=%2Fwp%2Fv2%2Ftags&post=713"}],"curies":[{"name":"wp","href":"https:\/\/api.w.org\/{rel}","templated":true}]}}