{"id":705,"date":"2014-12-21T11:24:02","date_gmt":"2014-12-21T10:24:02","guid":{"rendered":"http:\/\/democraciaactiva.eu\/?p=705"},"modified":"2014-12-21T11:24:02","modified_gmt":"2014-12-21T10:24:02","slug":"reparto-navideno","status":"publish","type":"post","link":"https:\/\/democraciaactiva.eu\/?p=705","title":{"rendered":"Reparto navide\u00f1o"},"content":{"rendered":"<p>Confirmamos los resultados del sorteo de las retribuciones de Navidad en el Ay-untamiento de San Roque, que han caido muy repartidas, salvo para el Edil de Hacienda, que don\u00f3 su n\u00famero ganador a su compa\u00f1ero de partido para que de este modo pudiera llevar un sobre mayor a casa en estas fechas.<\/p>\n<p>Como qued\u00f3 reflejado en la instant\u00e1nea del momento, algunos ediles llevaban tiempo con el boli preparado preguntando \u00ab\u00bfd\u00f3nde hay que firmar?\u00bb.<\/p>\n<p>Han sido poco m\u00e1s de 51 mil euros en total los que los sanroque\u00f1os han donado este mes para esta noble causa, contribuyendo a sostener a estas familias que tanto hacen cada d\u00eda por ellos.<\/p>\n<p><a href=\"https:\/\/democraciaactiva.eu\/wp-content\/uploads\/2014\/12\/Salarios-Navidad.jpg\"><img decoding=\"async\" loading=\"lazy\" class=\"aligncenter size-medium wp-image-706\" src=\"https:\/\/democraciaactiva.eu\/wp-content\/uploads\/2014\/12\/Salarios-Navidad-300x225.jpg\" alt=\"Salarios Navidad\" width=\"300\" height=\"225\" \/><\/a><\/p>\n<p>P.D.: Para quienes no se han dado cuenta, esas cantidades son las que nos cuestan a los ciudadanos cada uno\/a este mes por sus \u00abgestiones\u00bb. <\/p>\n","protected":false},"excerpt":{"rendered":"<div class=\"mh-excerpt\"><p>Confirmamos los resultados del sorteo de las retribuciones de Navidad en el Ay-untamiento de San Roque, que han caido muy repartidas, salvo para el Edil <a class=\"mh-excerpt-more\" href=\"https:\/\/democraciaactiva.eu\/?p=705\" title=\"Reparto navide\u00f1o\">[&#8230;]<\/a><\/p>\n<\/div>","protected":false},"author":1,"featured_media":0,"comment_status":"closed","ping_status":"open","sticky":false,"template":"","format":"standard","meta":[],"categories":[12],"tags":[],"_links":{"self":[{"href":"https:\/\/democraciaactiva.eu\/index.php?rest_route=\/wp\/v2\/posts\/705"}],"collection":[{"href":"https:\/\/democraciaactiva.eu\/index.php?rest_route=\/wp\/v2\/posts"}],"about":[{"href":"https:\/\/democraciaactiva.eu\/index.php?rest_route=\/wp\/v2\/types\/post"}],"author":[{"embeddable":true,"href":"https:\/\/democraciaactiva.eu\/index.php?rest_route=\/wp\/v2\/users\/1"}],"replies":[{"embeddable":true,"href":"https:\/\/democraciaactiva.eu\/index.php?rest_route=%2Fwp%2Fv2%2Fcomments&post=705"}],"version-history":[{"count":0,"href":"https:\/\/democraciaactiva.eu\/index.php?rest_route=\/wp\/v2\/posts\/705\/revisions"}],"wp:attachment":[{"href":"https:\/\/democraciaactiva.eu\/index.php?rest_route=%2Fwp%2Fv2%2Fmedia&parent=705"}],"wp:term":[{"taxonomy":"category","embeddable":true,"href":"https:\/\/democraciaactiva.eu\/index.php?rest_route=%2Fwp%2Fv2%2Fcategories&post=705"},{"taxonomy":"post_tag","embeddable":true,"href":"https:\/\/democraciaactiva.eu\/index.php?rest_route=%2Fwp%2Fv2%2Ftags&post=705"}],"curies":[{"name":"wp","href":"https:\/\/api.w.org\/{rel}","templated":true}]}}