{"id":687,"date":"2014-12-14T14:54:38","date_gmt":"2014-12-14T13:54:38","guid":{"rendered":"http:\/\/democraciaactiva.eu\/?p=687"},"modified":"2014-12-14T14:54:38","modified_gmt":"2014-12-14T13:54:38","slug":"ahorros-municipales-y-otras-historias-de-miedo","status":"publish","type":"post","link":"https:\/\/democraciaactiva.eu\/?p=687","title":{"rendered":"Ahorros municipales, y otras historias de miedo&#8230;"},"content":{"rendered":"<p>Llevamos tiempo oyendo hablar del recorte que cierto Partido Pol\u00edtico (las siglas son lo de menos) realiz\u00f3 en esta legislatura en San Roque, del ajuste que realizaron en sus salarios, pero a la luz de los datos hay cuentas que no acaban de cuadrar. <strong>\u00bfAcaso quieren convencernos los pol\u00edticos que en estos a\u00f1os de crisis se han permitido cobrar menos que antes?<\/strong> Todo es posible, pero para eso est\u00e1n las hemerotecas. No hace falta rascar mucho, as\u00ed que estas indicaciones no pretenden ser exhaustivas, sino s\u00f3lo un ejemplo de c\u00f3mo han cambiado los salarios p\u00fablicos de ciertos dirigentes con la crisis.<\/p>\n<p>Algunos\u00a0 de los representantes locales en San Roque (C\u00e1diz) son:<\/p>\n<p>&nbsp;<\/p>\n<p><a href=\"https:\/\/democraciaactiva.eu\/wp-content\/uploads\/2014\/12\/Alcalde.jpg\"><img decoding=\"async\" loading=\"lazy\" class=\"alignleft wp-image-696 size-full\" src=\"https:\/\/democraciaactiva.eu\/wp-content\/uploads\/2014\/12\/Alcalde.jpg\" alt=\"Alcalde\" width=\"108\" height=\"160\" \/><\/a> Juan CarlosRuix Boix (Alcalde)<\/p>\n<p>Sueldo actual 2011-2014:\u00a0\u00a0\u00a0 <strong>54.021&#8217;94 euros\/a\u00f1o &#8211; 3.858&#8217;71 euros\/mes en 14 pagas<\/strong><\/p>\n<p>Cargo anterior:\u00a0 Concejal Delegado de Hacienda<\/p>\n<p>Sueldo anterior 2008:\u00a0\u00a0\u00a0\u00a0\u00a0\u00a0\u00a0\u00a0\u00a0\u00a0 40.090&#8217;00 euros\/a\u00f1o<\/p>\n<p><strong>\u00a0Incremento:\u00a0\u00a0\u00a0\u00a0\u00a0\u00a0\u00a0\u00a0\u00a0\u00a0\u00a0\u00a0\u00a0\u00a0\u00a0\u00a0\u00a0\u00a0\u00a0\u00a0\u00a0\u00a0\u00a0\u00a0\u00a0 13.931&#8217;94 euros\/a\u00f1o<\/strong><\/p>\n<p>&nbsp;<\/p>\n<p><a href=\"https:\/\/democraciaactiva.eu\/wp-content\/uploads\/2014\/12\/Teniente-1.jpg\"><img decoding=\"async\" loading=\"lazy\" class=\"alignleft wp-image-689 size-full\" src=\"https:\/\/democraciaactiva.eu\/wp-content\/uploads\/2014\/12\/Teniente-1.jpg\" alt=\"Teniente 1\" width=\"108\" height=\"160\" \/><\/a>\u00a0 Dolores Marchena P\u00e9rez (Teniente de Alcalde)<\/p>\n<p>Sueldo actual 2011-2014:\u00a0\u00a0\u00a0 <strong>40.587&#8217;96 euros\/a\u00f1o &#8211; 2.899&#8217;14 euros\/mes en 14 pagas<\/strong><\/p>\n<p>Cargo anterior:\u00a0 Asesora de Participaci\u00f3n Ciudadana<\/p>\n<p>Sueldo anterior 2008:\u00a0\u00a0\u00a0\u00a0\u00a0\u00a0\u00a0\u00a0\u00a0\u00a0 31.545 euros\/a\u00f1o<\/p>\n<p><strong>\u00a0Incremento:\u00a0\u00a0\u00a0\u00a0\u00a0\u00a0\u00a0\u00a0\u00a0\u00a0\u00a0\u00a0\u00a0\u00a0\u00a0\u00a0\u00a0\u00a0\u00a0\u00a0\u00a0\u00a0\u00a0\u00a0 \u00a0 9.042&#8217;96 euros\/a\u00f1o<\/strong><\/p>\n<p>&nbsp;<\/p>\n<p><a href=\"https:\/\/democraciaactiva.eu\/wp-content\/uploads\/2014\/12\/Teniente-3.jpg\"><img decoding=\"async\" loading=\"lazy\" class=\"alignleft wp-image-691 size-full\" src=\"https:\/\/democraciaactiva.eu\/wp-content\/uploads\/2014\/12\/Teniente-3.jpg\" alt=\"Teniente 3\" width=\"100\" height=\"140\" \/><\/a>\u00a0\u00a0 Juan Roca Quintero (Teniente de Alcalde)<\/p>\n<p>Sueldo actual 2011-2014:\u00a0\u00a0\u00a0 <strong>40.587&#8217;96 euros\/a\u00f1o &#8211; 2.899&#8217;14 euros\/mes en 14 pagas<\/strong><\/p>\n<p>Cargo anterior:\u00a0 Se desconoce, aunque ahora tampoco precisa cumplir funci\u00f3n alguna para cobrar.<\/p>\n<p>&nbsp;<\/p>\n<p>&nbsp;<\/p>\n<p><a href=\"https:\/\/democraciaactiva.eu\/wp-content\/uploads\/2014\/12\/Concejal.jpg\"><img decoding=\"async\" loading=\"lazy\" class=\"alignleft wp-image-700 size-full\" src=\"https:\/\/democraciaactiva.eu\/wp-content\/uploads\/2014\/12\/Concejal.jpg\" alt=\"Concejal\" width=\"108\" height=\"160\" \/><\/a>\u00a0 Jes\u00fas Mayoral Mayoral (Concejal, Delegado de Hacienda y Disciplina Urban\u00edstica)<\/p>\n<p>Sueldo actual 2011 &#8211; 2014:\u00a0 cero euros (\u00e9ste tiene trabajo)<\/p>\n<p>&nbsp;<\/p>\n<p>&nbsp;<\/p>\n<p>&nbsp;<\/p>\n<p>&nbsp;<\/p>\n<p>El gasto en cargos p\u00fablicos y de confianza en los a\u00f1os 2.008 y 2.011 (aprobado por los mismos partidos que hoy gobiernan) fue de 766.650&#8217;00 euros (con el actual Alcalde como Edil de Hacienda), y 394.137&#8217;66 euros (con el Concejal que tiene trabajo como edil de Hacienda). \u00bfCu\u00e1les eran las diferencias? Pues evidentemente se ha reducido dr\u00e1sticamente la cantidad total, pero tanto por el coste por cargo como por el n\u00famero de personas que se han \u00abcolado\u00bb en esta aprobaci\u00f3n. Si antes eran hasta 19 los cargos cuyos salarios se hac\u00edan p\u00fablicos, ahora se reducen a \u00abs\u00f3lo\u00bb once. Pero ojo, eso s\u00f3lo significa que se hacen p\u00fablicos los salarios de once cargos, no que los dem\u00e1s no est\u00e9n recolocados en puestos menos transparentes&#8230;<\/p>\n<p>\u00bfNo llama la atenci\u00f3n el que un edil que lleva Delegaciones relacionadas con Hacienda y Urbanismo no cobre del Ayuntamiento? El motivo entendemos que es muy simple: la verdadera labor de un Concejal se basa en tomar decisiones, y el trabajo real lo llevan a cabo funcionarios. Por eso si el edil tiene trabajo propio no necesita ser \u00absubvencionado\u00bb desde las arcas p\u00fablicas. No obstante, el partido al que pertenece este edil nos cobra por la \u00abcolocaci\u00f3n\u00bb de su compa\u00f1ero, el tercer Teniente de Alcalde cuya funci\u00f3n real se desconoce, m\u00e1s all\u00e1 de acudir 4 horas un d\u00eda a la semana a unas oficinas municipales, y por lo cual nos sabla poco menos de 3 mil euros mensuales (seis mil los meses que cobra extra).<\/p>\n<p>Este duo es el mejor ejemplo de que los ciudadanos no pagamos por un trabajo real de los ediles, sino por la necesidad que \u00e9stos tengan de enriquecerse a nuestra costa. Si un Ayuntamiento precisara cierto n\u00famero de ediles liberados para su funcionamiento&#8230; \u00bfno deber\u00eda mantenerse en el tiempo?, \u00bfqu\u00e9 justifica entonces que se repartan nuestros impuestos en funci\u00f3n de sus pactos entre partidos?<\/p>\n<p>San Roque ha dado un claro ejemplo en los a\u00f1os 2.008 a 2.011. En el a\u00f1o 2.008 el pacto de gobierno \u00abobliga\u00bb a aprobar la liberaci\u00f3n de nueve ediles m\u00e1s el Alcalde. En 2009 cambia el gobierno local, con un pacto entre mayor n\u00famero de ediles, y se aprueba la liberaci\u00f3n de 11 ediles m\u00e1s Alcalde. En 2011 surge otro gobierno, nuevo pacto, y se reducen los liberados a 8 m\u00e1s Alcalde. De este modo queda claro que ya existe una \u00abrenta social b\u00e1sica\u00bb para concejales, que en San Roque se estima en 3 mil euros al mes, y el \u00fanico requisito para cobrarla es haber pactado con el Alcalde de turno pertenecer al gobierno local.<\/p>\n<p>Este era el gasto en cargos p\u00fablicos en <strong>2.008<\/strong> (gobierno similar al actual)<\/p>\n<p><a href=\"https:\/\/democraciaactiva.eu\/wp-content\/uploads\/2014\/12\/Retribuciones-2008.jpg\"><img decoding=\"async\" loading=\"lazy\" class=\"aligncenter size-medium wp-image-698\" src=\"https:\/\/democraciaactiva.eu\/wp-content\/uploads\/2014\/12\/Retribuciones-2008-300x148.jpg\" alt=\"Retribuciones 2008\" width=\"300\" height=\"148\" \/><\/a><\/p>\n<p>En <strong>2.009<\/strong> cambia el gobierno y se \u00abreduce\u00bb el gasto con esta nueva composici\u00f3n.<\/p>\n<p><a href=\"https:\/\/democraciaactiva.eu\/wp-content\/uploads\/2014\/12\/Retribuciones-2009.jpg\"><img decoding=\"async\" loading=\"lazy\" class=\"aligncenter size-medium wp-image-701\" src=\"https:\/\/democraciaactiva.eu\/wp-content\/uploads\/2014\/12\/Retribuciones-2009-300x253.jpg\" alt=\"Retribuciones 2009\" width=\"300\" height=\"253\" \/><\/a><\/p>\n<p>Y en <strong>2.011<\/strong> se vuelve a \u00abreducir\u00bb con una nueva composici\u00f3n del gobierno salido de las \u00faltimas elecciones locales (salarios a multiplicar por 14 pagas).<\/p>\n<p><a href=\"https:\/\/democraciaactiva.eu\/wp-content\/uploads\/2014\/12\/Retribuciones-2011.jpg\"><img decoding=\"async\" loading=\"lazy\" class=\"aligncenter size-medium wp-image-688\" src=\"https:\/\/democraciaactiva.eu\/wp-content\/uploads\/2014\/12\/Retribuciones-2011-300x298.jpg\" alt=\"Retribuciones 2011\" width=\"300\" height=\"298\" \/><\/a><\/p>\n<p>Con estos datos hacemos algunas anotaciones:<\/p>\n<p>1.- Tanto el Alcalde como primera Teniente de Alcalde (y el resto casi por simpat\u00eda) han pasado a cobrar bastante m\u00e1s que en el anterior periodo corporativo, con <strong>incrementos superiores al 20%.<\/strong><\/p>\n<p>2.- Otros cargos, como el Concejal Delegado de Hacienda, <strong>no cobran porque ya tienen ingresos<\/strong>, a\u00fan siendo de las Concejal\u00edas m\u00e1s relevantes, por lo que descartamos que sea imprescindible la liberaci\u00f3n de ediles, siempre que \u00e9stos tuvieran trabajo, l\u00f3gicamente.<\/p>\n<p>3.- Si se liberan ediles por carecer de trabajo anterior, <strong>se les conceden delegaciones independientemente de las necesidades de la ciudadan\u00eda<\/strong>. <strong>Simplemente se reparten entre el n\u00famero de ediles que formen gobierno para que as\u00ed cobren todos \u00abjustificadamente\u00bb<\/strong>. Adem\u00e1s, en la mayor\u00eda de los casos sus \u00abgestiones\u00bb se limitan a pasear por el municipio y hacerse las fotos de rigor para cuando toquen notas de prensa.<\/p>\n<p>4.- En la \u00e9poca que estamos, por mucha necesidad de cobrar un salario que tengan quienes acceden a un cargo p\u00fablico, no es para nada proporcional el sueldo que se les asigna con la labor que realizan. A simple modo de ejemplo, un edil por hacerse una foto al lado de un trabajador fumigando el cesped, \u00abdesempe\u00f1a\u00bb una labor mucho menos penosa y peligrosa y sin embargo su n\u00f3mina puede triplicar la del trabajador municipal. <strong>\u00bfPagamos por un trabajo realizado o por su \u00abstatus\u00bb pol\u00edtico?, \u00bfrealmente se reparten delegaciones o t\u00edtulos nobiliarios?<\/strong><\/p>\n<p>Estas situaciones no son un hecho aislado, y pueden extrapolarse probablemente a casi cualquier municipio hoy en d\u00eda (hay excepciones, afortunadamente). En relaci\u00f3n a la necesidad de cobrar de los cargos p\u00fablicos, y a la \u00abreducci\u00f3n\u00bb de cargos de confianza, suele ser ficticia. A poco que se mire aparecen recolocaciones, puertas giratorias, y otras maniobras pol\u00edticas por las que quienes representan a los ciudadanos de pronto aparecen en cualquier empresa p\u00fablica o como cargos de confianza, inclusive de otros municipios de similar signo pol\u00edtico.<\/p>\n","protected":false},"excerpt":{"rendered":"<div class=\"mh-excerpt\"><p>Llevamos tiempo oyendo hablar del recorte que cierto Partido Pol\u00edtico (las siglas son lo de menos) realiz\u00f3 en esta legislatura en San Roque, del ajuste <a class=\"mh-excerpt-more\" href=\"https:\/\/democraciaactiva.eu\/?p=687\" title=\"Ahorros municipales, y otras historias de miedo&#8230;\">[&#8230;]<\/a><\/p>\n<\/div>","protected":false},"author":1,"featured_media":0,"comment_status":"closed","ping_status":"open","sticky":false,"template":"","format":"standard","meta":[],"categories":[12],"tags":[],"_links":{"self":[{"href":"https:\/\/democraciaactiva.eu\/index.php?rest_route=\/wp\/v2\/posts\/687"}],"collection":[{"href":"https:\/\/democraciaactiva.eu\/index.php?rest_route=\/wp\/v2\/posts"}],"about":[{"href":"https:\/\/democraciaactiva.eu\/index.php?rest_route=\/wp\/v2\/types\/post"}],"author":[{"embeddable":true,"href":"https:\/\/democraciaactiva.eu\/index.php?rest_route=\/wp\/v2\/users\/1"}],"replies":[{"embeddable":true,"href":"https:\/\/democraciaactiva.eu\/index.php?rest_route=%2Fwp%2Fv2%2Fcomments&post=687"}],"version-history":[{"count":0,"href":"https:\/\/democraciaactiva.eu\/index.php?rest_route=\/wp\/v2\/posts\/687\/revisions"}],"wp:attachment":[{"href":"https:\/\/democraciaactiva.eu\/index.php?rest_route=%2Fwp%2Fv2%2Fmedia&parent=687"}],"wp:term":[{"taxonomy":"category","embeddable":true,"href":"https:\/\/democraciaactiva.eu\/index.php?rest_route=%2Fwp%2Fv2%2Fcategories&post=687"},{"taxonomy":"post_tag","embeddable":true,"href":"https:\/\/democraciaactiva.eu\/index.php?rest_route=%2Fwp%2Fv2%2Ftags&post=687"}],"curies":[{"name":"wp","href":"https:\/\/api.w.org\/{rel}","templated":true}]}}