{"id":67,"date":"2014-03-08T18:22:51","date_gmt":"2014-03-08T17:22:51","guid":{"rendered":"http:\/\/democraciaactiva.eu\/?p=67"},"modified":"2014-03-08T18:22:51","modified_gmt":"2014-03-08T17:22:51","slug":"campana-contra-los-obstaculos-en-las-vias-publicas","status":"publish","type":"post","link":"https:\/\/democraciaactiva.eu\/?p=67","title":{"rendered":"Mentiras de un Concejal sobre la recogida de residuos."},"content":{"rendered":"<p style=\"text-align: justify;\">Esta ma\u00f1ana hemos asistido a un nuevo Record. El Sr. Roca ha batido su marca de mentiras por minuto queriendo convencer de que se hab\u00eda anulado un punto de recogida de residuos por culpa de la Guardia Civil que estaba pendiente de sancionarles. Entre otras muchas trolas en apenas 10 minutos, el Concejal quer\u00eda convencer de que en la parada que lleva haciendo a\u00f1os el cami\u00f3n&#8230; ahora no para porque es ilegal.<br \/>\n<a href=\"https:\/\/democraciaactiva.eu\/wp-content\/uploads\/2014\/03\/Roca-1.jpg\"><img decoding=\"async\" loading=\"lazy\" class=\" wp-image-69 aligncenter\" alt=\"\" src=\"https:\/\/democraciaactiva.eu\/wp-content\/uploads\/2014\/03\/Roca-1-300x225.jpg\" width=\"429\" height=\"321\" \/><\/a><br \/>\nCarta abierta al Sr. Roca, Delegado de todo lo delegable en el Valle del Guadiaro.<\/p>\n<p>Estimado Sr.,<\/p>\n<p>Aunque ya conoc\u00edamos de su desinter\u00e9s por las peticiones vecinales si no garantizaban su voto, no nos pod\u00edamos imaginar que le hubieran ense\u00f1ado a jugar a los pol\u00edticos de la forma en que le hemos visto estos d\u00edas.<br \/>\nSi quiere usted echar la culpa a otros de su ineptitud, lo tiene bastante dif\u00edcil. Dice el refranero que las mentiras tienen las patas muy cortas, y aunque usted s\u00f3lo va por ah\u00ed murmurando de patio en patio, piense que los vecinos no son tan ignorantes como para no darse cuenta de sus trolas.<\/p>\n<p>Sobre los cambios de ruta de la recogida de basuras, que han dejado sin servicio a los vecinos de la Avda. Mar del Sur, y comprobado que su trola del momento es que<strong> la culpa la tiene la Guardia Civil<\/strong>, piense primero que esa zona es urbana, por lo que <strong>la competencia es de la Polic\u00eda Local<\/strong>. Luego dese cuenta que en la zona de parada del cami\u00f3n de recogida cabe un Airbus, sin afectar a la avenida, y a\u00fan si afectara a una calle urbana como es esa, estar\u00eda en el mismo caso que otras calles del municipio. Sin ir m\u00e1s lejos, cuando se detiene en el Camino del Almendral tambi\u00e9n corta el tr\u00e1fico unos minutos, y no aparece su temida Guardia Civil a llevarles presos.<\/p>\n<p>Desmontada esa mentira, la duda es \u00bfpor qu\u00e9 est\u00e1n quitando los contenedores a muchos vecinos y echando las culpas a otros?, \u00bfacaso nos han confundido con un partido pol\u00edtico y se creen que estamos de elecciones?<br \/>\nMire Sr. Roca, el problema es que, <strong>pese a los 3 mil euros al mes que nos cobra, su \u00fanico m\u00e9rito parece ser el cargo de mantenido oficial del Sr Mayoral para la zona de Guadiaro<\/strong>. Nos gustar\u00eda pensar que tiene alguna cualidad que le haga merecedor de semejante salario, que ya quisieran muchos licenciados, ingenieros, m\u00e9dicos, y ciudadanos que seguro solucionar\u00edan en minutos problemas que para usted parecen insalvables.<\/p>\n<p>Si quiere recoger la basura de la CA-2102 sin vulnerar las normas de tr\u00e1fico y arriesgar las vidas de docenas de vecinos todas las ma\u00f1anas, la soluci\u00f3n es muy simple: hagan lo que todo hijo de vecino. <strong>No crucen las l\u00edneas continuas de la calzada, vayan a la rotonda, den la vuelta y recojan los puntos del sentido contrario.<\/strong> \u00bfNo se les hab\u00eda ocurrido?, \u00bfquiere que le hagamos un dibujito para explic\u00e1rselo?<br \/>\nProbablemente eso lleve unos minutos m\u00e1s, pero tambi\u00e9n el cami\u00f3n ir\u00eda m\u00e1s r\u00e1pido con los trabajadores en cabina y no colgando detr\u00e1s.<\/p>\n<p>Es de suponer que la ruta de recogida contaba con un informe t\u00e9cnico previo, o as\u00ed lo manifest\u00f3 el Sr. Amado en su momento, por lo que no se entiende que ahora act\u00faen como si lo hubieran estado haciendo ilegalmente durante a\u00f1os. Y la culpa, como siempre, de los malos que nos hacen cumplir la normativa. <strong>Total, si alguien se estrella con el cami\u00f3n mientras \u00e9ste cruza en zona prohibida ser\u00eda culpa suya.<\/strong><\/p>\n<p>Gracias a personas como usted, Sr. Roca, los ciudadanos nos damos cuenta de para qu\u00e9 sirven nuestros impuestos. De c\u00f3mo se pueden tener <strong>\u00abmantenidos\u00bb de los cabezas de partido sin que tengan m\u00e1s capacidad o m\u00e9rito que pedir el voto de bar en bar<\/strong>. Ah, y tambi\u00e9n el de echar la culpa a otros cuando les pagamos para que den soluciones y s\u00f3lo saben darnos problemas, esa es una cualidad importante de todo mantenido pol\u00edtico que se precie.<\/p>\n<p>Lo que es \u201cmuy fuerte\u201d por parafrasearle un poco, es que nos est\u00e9n robando a manos llenas y adem\u00e1s lo consideren legal como fruto de esta \u201cdemocracia\u201d que nos venden cada cuatro a\u00f1os. <\/p>\n","protected":false},"excerpt":{"rendered":"<div class=\"mh-excerpt\"><p>Esta ma\u00f1ana hemos asistido a un nuevo Record. El Sr. Roca ha batido su marca de mentiras por minuto queriendo convencer de que se hab\u00eda <a class=\"mh-excerpt-more\" href=\"https:\/\/democraciaactiva.eu\/?p=67\" title=\"Mentiras de un Concejal sobre la recogida de residuos.\">[&#8230;]<\/a><\/p>\n<\/div>","protected":false},"author":1,"featured_media":0,"comment_status":"open","ping_status":"open","sticky":false,"template":"","format":"standard","meta":[],"categories":[12],"tags":[],"_links":{"self":[{"href":"https:\/\/democraciaactiva.eu\/index.php?rest_route=\/wp\/v2\/posts\/67"}],"collection":[{"href":"https:\/\/democraciaactiva.eu\/index.php?rest_route=\/wp\/v2\/posts"}],"about":[{"href":"https:\/\/democraciaactiva.eu\/index.php?rest_route=\/wp\/v2\/types\/post"}],"author":[{"embeddable":true,"href":"https:\/\/democraciaactiva.eu\/index.php?rest_route=\/wp\/v2\/users\/1"}],"replies":[{"embeddable":true,"href":"https:\/\/democraciaactiva.eu\/index.php?rest_route=%2Fwp%2Fv2%2Fcomments&post=67"}],"version-history":[{"count":0,"href":"https:\/\/democraciaactiva.eu\/index.php?rest_route=\/wp\/v2\/posts\/67\/revisions"}],"wp:attachment":[{"href":"https:\/\/democraciaactiva.eu\/index.php?rest_route=%2Fwp%2Fv2%2Fmedia&parent=67"}],"wp:term":[{"taxonomy":"category","embeddable":true,"href":"https:\/\/democraciaactiva.eu\/index.php?rest_route=%2Fwp%2Fv2%2Fcategories&post=67"},{"taxonomy":"post_tag","embeddable":true,"href":"https:\/\/democraciaactiva.eu\/index.php?rest_route=%2Fwp%2Fv2%2Ftags&post=67"}],"curies":[{"name":"wp","href":"https:\/\/api.w.org\/{rel}","templated":true}]}}