{"id":638,"date":"2014-10-20T14:02:13","date_gmt":"2014-10-20T13:02:13","guid":{"rendered":"http:\/\/democraciaactiva.eu\/?p=638"},"modified":"2014-10-20T14:02:13","modified_gmt":"2014-10-20T13:02:13","slug":"dca-considera-que-el-psoe-usa-a-sus-diputados-premiados-contra-los-ciudadanos","status":"publish","type":"post","link":"https:\/\/democraciaactiva.eu\/?p=638","title":{"rendered":"DCA considera que el PSOE usa a sus \u00abex-Diputados premiados\u00bb contra los ciudadanos."},"content":{"rendered":"<p>De este modo ha calificado la Asociaci\u00f3n Defensa Ciudadana Activa el escrito, remitido en abril por el Adjunto Primero del Defensor del Pueblo, Francisco Fern\u00e1ndez Marug\u00e1n,\u00a0y publicado en estos d\u00edas por el Ayuntamiento de San Roque, en cuyo contenido expresa que la oficina del Defensor del Pueblo <strong>no tramitar\u00e1 las peticiones de asistencia en las peticiones contra el Ayuntamiento de San Roque por falta de respuesta. <\/strong>Seg\u00fan el criterio de Fern\u00e1ndez Marug\u00e1n, <strong>realizar diez peticiones de informaci\u00f3n en un periodo de seis meses puede resultar abusivo e imposible de asumir por su Instituci\u00f3n o una Administraci\u00f3n P\u00fablica con los medios de que disponen.<\/strong><\/p>\n<p>Ante el rechazo de Fern\u00e1ndez Marug\u00e1n a las peticiones realizadas desde DCA no se reiteraron como el propio Adjunto solicitaba, dado que fueron informados desde su hom\u00f3logo Andaluz de la posible incompatibilidad sobre solicitudes que estuvieran llevando desde esta instituci\u00f3n. Por ello, no se ha vuelto a remitir ni reiterar queja alguna al Francisco Fern\u00e1ndez Marug\u00e1n, m\u00e1xime cuando \u00e9ste considera que 10 quejas en seis meses han insostenible la labor de su instituci\u00f3n. \u00ab<strong>En cualquier caso, si un Ayuntamiento como San Roque ve imposible atender a los ciudadanos con medio millar de empleados, tal vez deber\u00edan ampliar la plantilla o alguien no est\u00e1 dirigiendo bien la administraci\u00f3n\u00bb.<\/strong><\/p>\n<p>\u00ab<strong>Si diez quejas en seis meses les parecen excesivas, mejor que vayan prepar\u00e1ndose porque s\u00f3lo acabamos de empezar nuestra andadura. No aceptaremos el silencio administrativo como soluci\u00f3n a los problemas de la administraci\u00f3n, lo diga un Alcalde, un Secretario, o un Adjunto Primero del Defensor del Pueblo. Consideramos que la actitud de Fern\u00e1ndez Marug\u00e1n hace un flaco favor al buen funcionamiento de la administraci\u00f3n en su relaci\u00f3n con los ciudadanos, d\u00e1ndoles el escudo de la impunidad, pero dada su situaci\u00f3n entendemos que haya sido presionado pol\u00edticamente.<\/strong>\u00ab, criticaron.<\/p>\n<p>Desde Defensa Ciudadana Activa informaron igualmente que <strong>las quejas por falta de respuesta dejaron de tramitarse hacia esa instituci\u00f3n el pasado verano<\/strong>, por lo que deb\u00eda referirse a un expediente antiguo. <strong>Actualmente miembros de DCA iniciaron el procedimiento contencioso-administrativo como respuesta a la falta de contestaci\u00f3n<\/strong>, \u00abque probablemente sea tambi\u00e9n masivo -la previsi\u00f3n es de unos 15 recursos antes de finalizar el a\u00f1o-, pero no decidimos nosotros cu\u00e1ntos expedientes se silencian, sino el Ayuntamiento\u00bb.<\/p>\n<p>\u00abSomos una Asociaci\u00f3n joven, con apenas a\u00f1o y medio desde su creaci\u00f3n, y\u00a0por ello hemos hecho varios cambios en el protocolo de actuaci\u00f3n que nos marcamos conforme vamos evaluando opciones, y seguiremos haci\u00e9ndolos, ya que todo es mejorable. Sin embargo, <strong>no nos van a silenciar Ayuntamientos, Diputaciones, Consejer\u00edas, ni Adjuntos defensores de la administraci\u00f3n. Eso pueden tenerlo claro<\/strong>.\u00bb<\/p>\n<p>En relaci\u00f3n a las presiones que haya podido recibir del PSOE, DCA record\u00f3 que <a href=\"http:\/\/www.europapress.es\/extremadura\/noticia-psoe-compensa-historico-exdiputado-fernandez-marugan-situandole-adjunto-defensor-pueblo-20120630100103.html\"><strong>Fern\u00e1ndez Madrug\u00e1n obtuvo el cargo seg\u00fan se inform\u00f3 en su momento como \u00abpremio\u00bb por haber caido de las listas electorales en las \u00faltimas elecciones<\/strong>.<\/a> Anteriormente\u00a0fue Diputado por ese partido, encargado de arreglar las cuentas del PSOE tras el esc\u00e1ndalo de FILESA. Su nombramiento se hizo al parecer siguiendo la \u00abtradici\u00f3n\u00bb de ser designado por la primera fuerza de la oposici\u00f3n.<\/p>\n<p>\u00abEntendemos que es de bien nacido ser agradecido, pero igual deber\u00eda ser incompatible que alguien tan vinculado a un partido pol\u00edtico pueda llevar expedientes que les afecten.\u00bb DCA no descarta pedir una aclaraci\u00f3n al Defensor del Pueblo sobre el criterio que considerar\u00eda \u00abno abusivo\u00bb, \u00abya que si diez peticiones en seis meses le parece abusivo, igual las Asociaciones deben limitar sus derechos a&#8230; \u00bfuna petici\u00f3n\u00a0al trimestre?, \u00bfcinco al a\u00f1o?&#8230; y ser\u00eda bueno que lo plasmaran en una norma para conocimiento de todos los ciudadanos\u00bb.<\/p>\n<p>&nbsp; <\/p>\n","protected":false},"excerpt":{"rendered":"<div class=\"mh-excerpt\"><p>De este modo ha calificado la Asociaci\u00f3n Defensa Ciudadana Activa el escrito, remitido en abril por el Adjunto Primero del Defensor del Pueblo, Francisco Fern\u00e1ndez <a class=\"mh-excerpt-more\" href=\"https:\/\/democraciaactiva.eu\/?p=638\" title=\"DCA considera que el PSOE usa a sus \u00abex-Diputados premiados\u00bb contra los ciudadanos.\">[&#8230;]<\/a><\/p>\n<\/div>","protected":false},"author":1,"featured_media":0,"comment_status":"open","ping_status":"open","sticky":false,"template":"","format":"standard","meta":[],"categories":[12],"tags":[],"_links":{"self":[{"href":"https:\/\/democraciaactiva.eu\/index.php?rest_route=\/wp\/v2\/posts\/638"}],"collection":[{"href":"https:\/\/democraciaactiva.eu\/index.php?rest_route=\/wp\/v2\/posts"}],"about":[{"href":"https:\/\/democraciaactiva.eu\/index.php?rest_route=\/wp\/v2\/types\/post"}],"author":[{"embeddable":true,"href":"https:\/\/democraciaactiva.eu\/index.php?rest_route=\/wp\/v2\/users\/1"}],"replies":[{"embeddable":true,"href":"https:\/\/democraciaactiva.eu\/index.php?rest_route=%2Fwp%2Fv2%2Fcomments&post=638"}],"version-history":[{"count":0,"href":"https:\/\/democraciaactiva.eu\/index.php?rest_route=\/wp\/v2\/posts\/638\/revisions"}],"wp:attachment":[{"href":"https:\/\/democraciaactiva.eu\/index.php?rest_route=%2Fwp%2Fv2%2Fmedia&parent=638"}],"wp:term":[{"taxonomy":"category","embeddable":true,"href":"https:\/\/democraciaactiva.eu\/index.php?rest_route=%2Fwp%2Fv2%2Fcategories&post=638"},{"taxonomy":"post_tag","embeddable":true,"href":"https:\/\/democraciaactiva.eu\/index.php?rest_route=%2Fwp%2Fv2%2Ftags&post=638"}],"curies":[{"name":"wp","href":"https:\/\/api.w.org\/{rel}","templated":true}]}}