{"id":603,"date":"2014-10-12T18:09:32","date_gmt":"2014-10-12T17:09:32","guid":{"rendered":"http:\/\/democraciaactiva.eu\/?p=603"},"modified":"2014-10-12T18:09:32","modified_gmt":"2014-10-12T17:09:32","slug":"dca-pregunta-por-los-criterios-de-accesibilidad-en-san-roque","status":"publish","type":"post","link":"https:\/\/democraciaactiva.eu\/?p=603","title":{"rendered":"DCA pregunta por los criterios de accesibilidad en San Roque"},"content":{"rendered":"<p>Aunque parece evidente que no existe criterio, que el desconocimiento de las normas de accesibilidad es tan evidente como insultante la falta de empat\u00eda por las necesidades de la ciudadan\u00eda, haremos la petici\u00f3n oficial (extraoficialmente ya se ha hecho en distintas ocasiones) a fin de obtener una explicaci\u00f3n a la colecci\u00f3n de barbaridades que nos encontramos cada d\u00eda por estas calles.<\/p>\n<p>No s\u00f3lo est\u00e1 el detalle de que se corten pasos de peatones con contenedores -soterrados o no- sin inmutarse, sino que el afan decorativo con maceteros de gran tama\u00f1o, en \u00e1uge como suele ocurrir cuanto m\u00e1s se acercan unas elecciones, est\u00e1 consiguiendo crear barreras donde no las hab\u00eda. Algo que, al menos, merecer\u00eda una explicaci\u00f3n. \u00bfNo hay t\u00e9cnico que supervise lo que hacen en obras y servicios?, \u00bflos de obras y servicios desconocen las normas de accesibilidad?, \u00bfc\u00f3mo se permite encargarse de una labor as\u00ed a quienes desconocen qu\u00e9 deben cumplir?<\/p>\n<p>En esta fotograf\u00eda podemos ver c\u00f3mo se ha dise\u00f1ado y construido una zona de contenedores soterrados cortando el tr\u00e1nsito peatonal. Ni siquiera sirve para tirar la basura, porque la boca est\u00e1 por el otro lado. \u00bfQu\u00e9 criterio se sigue entonces?, \u00bfqui\u00e9n autoriza y supervisa esto?<\/p>\n<p><a href=\"https:\/\/democraciaactiva.eu\/wp-content\/uploads\/2014\/09\/Contenedor-2.jpg\"><img decoding=\"async\" loading=\"lazy\" class=\"aligncenter size-medium wp-image-517\" src=\"https:\/\/democraciaactiva.eu\/wp-content\/uploads\/2014\/09\/Contenedor-2-225x300.jpg\" alt=\"Contenedor 2\" width=\"225\" height=\"300\" \/><\/a><\/p>\n<p>En esta fotograf\u00eda, por ejemplo, podemos ver c\u00f3mo se colocan con criterios, imaginamos que est\u00e9ticos, justo bloqueando la zona de tr\u00e1nsito peatonal. \u00bfPor qu\u00e9 extra\u00f1o motivo se hace as\u00ed?, \u00bflas lanzaron en paracaidas y cayeron ah\u00ed o alguien supervis\u00f3 y autoriz\u00f3 su colocaci\u00f3n?<\/p>\n<p><a href=\"https:\/\/democraciaactiva.eu\/wp-content\/uploads\/2014\/10\/Maceta-Guadiaro_resize.jpg\"><img decoding=\"async\" loading=\"lazy\" class=\"aligncenter size-medium wp-image-604\" src=\"https:\/\/democraciaactiva.eu\/wp-content\/uploads\/2014\/10\/Maceta-Guadiaro_resize-300x225.jpg\" alt=\"Maceta Guadiaro_resize\" width=\"300\" height=\"225\" \/><\/a><\/p>\n<p>Y una m\u00e1s, inevitable, en la puerta de los servicios urban\u00edsticos de la localidad. Probablemente ning\u00fan responsable o t\u00e9cnico haya reparado en ello pero&#8230; \u00bfqu\u00e9 criterio siguen para colocar las macetitas?&#8230; Bien podr\u00edan colocarla delante de la puerta de cristal, que tiene anchura suficiente, pero claro, igual molesta tener que esquivarla unos cent\u00edmetros&#8230; ah\u00ed al parecer a nadie debe molestarle&#8230; De paso observamos que en \u00e9ste, como en tantos servicios p\u00fablicos, la falta de respeto por la normativa sobre PMR hace que la m\u00e1s pr\u00f3xima se encuentre a cientos de metros y varias manzanas de distancia.\u00a0 \u00bfNo ser\u00eda l\u00f3gico que cada servicio municipal dispusiera del n\u00famero legal de PMR disponibles?&#8230; pues parece que no, al menos en San Roque.<br \/>\n<a href=\"https:\/\/democraciaactiva.eu\/wp-content\/uploads\/2014\/10\/Barrera-Urbanismo-San-Roque_resize.jpg\"><img decoding=\"async\" loading=\"lazy\" class=\"aligncenter size-medium wp-image-605\" src=\"https:\/\/democraciaactiva.eu\/wp-content\/uploads\/2014\/10\/Barrera-Urbanismo-San-Roque_resize-225x300.jpg\" alt=\"Barrera Urbanismo San Roque_resize\" width=\"225\" height=\"300\" \/><\/a><br \/>\nSi ni siquiera tienen en cuenta las necesidades de los dem\u00e1s para algo tan simple y f\u00e1cil de corregir como colocar unas macetas&#8230;. \u00bfqu\u00e9 se puede esperar de la ubicaci\u00f3n de plazas de movilidad reducida o accesibilidad a edificios p\u00fablicos? Pues desde que s\u00f3lo exista un 5% del n\u00famero de PMR obligatorias por norma, hasta que env\u00eden servicios b\u00e1sicos a edificios inaccesibles, que coloquen m\u00e1quinas de vending en la entrada de los ascensores del Consistorio, o tengamos que hacer 600 metros para encontrar una plaza reservada cerca de Urbanismo o Asuntos Sociales&#8230; Luego no faltar\u00e1 quien diga que siempre piensan en los dem\u00e1s&#8230; pues ser\u00e1 para sacarles impuestos, porque para otras cosas&#8230; <\/p>\n","protected":false},"excerpt":{"rendered":"<div class=\"mh-excerpt\"><p>Aunque parece evidente que no existe criterio, que el desconocimiento de las normas de accesibilidad es tan evidente como insultante la falta de empat\u00eda por <a class=\"mh-excerpt-more\" href=\"https:\/\/democraciaactiva.eu\/?p=603\" title=\"DCA pregunta por los criterios de accesibilidad en San Roque\">[&#8230;]<\/a><\/p>\n<\/div>","protected":false},"author":1,"featured_media":0,"comment_status":"open","ping_status":"open","sticky":false,"template":"","format":"standard","meta":[],"categories":[3,5,12],"tags":[],"_links":{"self":[{"href":"https:\/\/democraciaactiva.eu\/index.php?rest_route=\/wp\/v2\/posts\/603"}],"collection":[{"href":"https:\/\/democraciaactiva.eu\/index.php?rest_route=\/wp\/v2\/posts"}],"about":[{"href":"https:\/\/democraciaactiva.eu\/index.php?rest_route=\/wp\/v2\/types\/post"}],"author":[{"embeddable":true,"href":"https:\/\/democraciaactiva.eu\/index.php?rest_route=\/wp\/v2\/users\/1"}],"replies":[{"embeddable":true,"href":"https:\/\/democraciaactiva.eu\/index.php?rest_route=%2Fwp%2Fv2%2Fcomments&post=603"}],"version-history":[{"count":0,"href":"https:\/\/democraciaactiva.eu\/index.php?rest_route=\/wp\/v2\/posts\/603\/revisions"}],"wp:attachment":[{"href":"https:\/\/democraciaactiva.eu\/index.php?rest_route=%2Fwp%2Fv2%2Fmedia&parent=603"}],"wp:term":[{"taxonomy":"category","embeddable":true,"href":"https:\/\/democraciaactiva.eu\/index.php?rest_route=%2Fwp%2Fv2%2Fcategories&post=603"},{"taxonomy":"post_tag","embeddable":true,"href":"https:\/\/democraciaactiva.eu\/index.php?rest_route=%2Fwp%2Fv2%2Ftags&post=603"}],"curies":[{"name":"wp","href":"https:\/\/api.w.org\/{rel}","templated":true}]}}