{"id":600,"date":"2014-10-11T21:05:25","date_gmt":"2014-10-11T20:05:25","guid":{"rendered":"http:\/\/democraciaactiva.eu\/?p=600"},"modified":"2014-10-11T21:05:25","modified_gmt":"2014-10-11T20:05:25","slug":"manilva-se-burla-de-las-normas-de-accesibilidad","status":"publish","type":"post","link":"https:\/\/democraciaactiva.eu\/?p=600","title":{"rendered":"Manilva se burla de las normas de accesibilidad"},"content":{"rendered":"<p>Resultan increibles algunas im\u00e1genes que podemos ver por nuestras calles cuando intentamos acceder a espacios, te\u00f3ricamente p\u00fablicos, y comprobamos c\u00f3mo la administraci\u00f3n olvida las normas b\u00e1sicas de respeto a los ciudadanos, como es la legalidad vigente.<\/p>\n<p>En este caso podemos ver un espacio p\u00fablico en Manilva (M\u00e1laga), concretamente en la calle Duquesa de Arcos, donde en la construcci\u00f3n del acerado se ha primado especialmente la entrada de veh\u00edculos, muy conseguida para que no tengan ning\u00fan bachecito al entrar a sus garajes, pero&#8230; \u00bfqu\u00e9 ocurre con los itinerarios peatonales?<\/p>\n<p>Como puede verse, a tan s\u00f3lo unos metros, la norma b\u00e1sica de accesibilidad brilla por su ausencia. <strong>No se ha rebajado ni un cent\u00edmetro el bordillo de la acera, e incluso se han colocado bolas<\/strong> (segunda infracci\u00f3n evidente) a un lado de la calle a modo de bolardos. Esta falta de respeto por los espacios p\u00fablicos sigue siendo evidente en el resto de la calle y otras zonas cercanas, aunque en el ejemplo de la fotograf\u00eda resulta m\u00e1s insultante al evidenciar<strong> c\u00f3mo los responsables locales se preocupan de los veh\u00edculos y olvidan de las personas.<\/strong><\/p>\n<p><strong><a href=\"https:\/\/democraciaactiva.eu\/wp-content\/uploads\/2014\/10\/Rebajes.jpg\"><img decoding=\"async\" loading=\"lazy\" class=\"aligncenter size-medium wp-image-601\" src=\"https:\/\/democraciaactiva.eu\/wp-content\/uploads\/2014\/10\/Rebajes-225x300.jpg\" alt=\"Rebajes\" width=\"225\" height=\"300\" \/><\/a><\/strong> <\/p>\n","protected":false},"excerpt":{"rendered":"<div class=\"mh-excerpt\"><p>Resultan increibles algunas im\u00e1genes que podemos ver por nuestras calles cuando intentamos acceder a espacios, te\u00f3ricamente p\u00fablicos, y comprobamos c\u00f3mo la administraci\u00f3n olvida las normas <a class=\"mh-excerpt-more\" href=\"https:\/\/democraciaactiva.eu\/?p=600\" title=\"Manilva se burla de las normas de accesibilidad\">[&#8230;]<\/a><\/p>\n<\/div>","protected":false},"author":1,"featured_media":0,"comment_status":"open","ping_status":"open","sticky":false,"template":"","format":"standard","meta":[],"categories":[12],"tags":[],"_links":{"self":[{"href":"https:\/\/democraciaactiva.eu\/index.php?rest_route=\/wp\/v2\/posts\/600"}],"collection":[{"href":"https:\/\/democraciaactiva.eu\/index.php?rest_route=\/wp\/v2\/posts"}],"about":[{"href":"https:\/\/democraciaactiva.eu\/index.php?rest_route=\/wp\/v2\/types\/post"}],"author":[{"embeddable":true,"href":"https:\/\/democraciaactiva.eu\/index.php?rest_route=\/wp\/v2\/users\/1"}],"replies":[{"embeddable":true,"href":"https:\/\/democraciaactiva.eu\/index.php?rest_route=%2Fwp%2Fv2%2Fcomments&post=600"}],"version-history":[{"count":0,"href":"https:\/\/democraciaactiva.eu\/index.php?rest_route=\/wp\/v2\/posts\/600\/revisions"}],"wp:attachment":[{"href":"https:\/\/democraciaactiva.eu\/index.php?rest_route=%2Fwp%2Fv2%2Fmedia&parent=600"}],"wp:term":[{"taxonomy":"category","embeddable":true,"href":"https:\/\/democraciaactiva.eu\/index.php?rest_route=%2Fwp%2Fv2%2Fcategories&post=600"},{"taxonomy":"post_tag","embeddable":true,"href":"https:\/\/democraciaactiva.eu\/index.php?rest_route=%2Fwp%2Fv2%2Ftags&post=600"}],"curies":[{"name":"wp","href":"https:\/\/api.w.org\/{rel}","templated":true}]}}