{"id":597,"date":"2014-10-11T18:15:25","date_gmt":"2014-10-11T17:15:25","guid":{"rendered":"http:\/\/democraciaactiva.eu\/?p=597"},"modified":"2014-10-11T18:15:25","modified_gmt":"2014-10-11T17:15:25","slug":"piden-regular-los-protocolos-para-escolares-diabeticos","status":"publish","type":"post","link":"https:\/\/democraciaactiva.eu\/?p=597","title":{"rendered":"Piden regular los protocolos para escolares diab\u00e9ticos."},"content":{"rendered":"<p>Tras informar el a\u00f1o pasado al Defensor del Pueblo sobre la situaci\u00f3n que padec\u00edan escolares diab\u00e9ticos por la falta de regulaci\u00f3n, DCA insistir\u00e1 a la Consejer\u00eda de Educaci\u00f3n en <strong>\u00abla necesidad de establecer un protocolo com\u00fan, no s\u00f3lo para diab\u00e9ticos, sino para cualquier escolar que precise medicaci\u00f3n en horario lectivo.\u00bb<\/strong><\/p>\n<p>Desde que miembros de la Asociaci\u00f3n Defensa Ciudadana Activa recurrieran el protocolo que ven\u00eda usando un colegio en la ciudad de M\u00e1laga, consistente en <strong>dejar a la menor -de 5 a\u00f1os- que portara diariamente las jeringuillas de insulina<\/strong> hasta la llegada de los enfermeros, consiguieron un cambio radical en la forma de actuaci\u00f3n del centro, que actualmente custodia la medicaci\u00f3n sin intervenci\u00f3n de la menor.<\/p>\n<p>Tras las primeras acciones la direcci\u00f3n remiti\u00f3 un nuevo protocolo por el que la familia de la menor deb\u00eda esperar diariamente y custodiar la medicaci\u00f3n hasta la sala de profesores a la entrada y salida del colegio \u00absin que nadie del centro tocara la medicaci\u00f3n\u00bb, seg\u00fan indicaba textualmente.<\/p>\n<p>Este protocolo fue recurrido igualmente <strong>consiguiendo que el centro se hiciera cargo de la medicaci\u00f3n de modo permanente<\/strong> de modo que fueran los escolares los que no tuvieran acceso a ella hasta llegar el enfermero.<\/p>\n<p>No obstante, \u00abse ha detectado una falta de regulaci\u00f3n que no garantiza que no existan m\u00e1s casos. De hecho <strong>tras iniciar actuaciones en ese centro aparecieron otros alumnos con la misma problem\u00e1tica, incluso supimos de menores que hab\u00edan tenido que hacer todo tipo de pruebas m\u00e9dicas tras pincharse con una jeringuilla en el patio<\/strong> sin poder saber su origen. No es de recibo obligar a menores a llevar jeringuillas en la mochila.\u00bb, criticaron.<\/p>\n<p>Por ello, insistir\u00e1n a las instituciones competentes en la <strong>necesidad de evitar estas situaciones, as\u00ed como no dejarlas al criterio de la direcci\u00f3n del centro<\/strong>, \u00abque en este caso concreto no colabor\u00f3 en absoluto debiendo utilizar todos los medios a nuestro alcance para que la menor no debiera abandonar el centro.\u00bb.<\/p>\n<p>DCA record\u00f3 que<strong> existe un informe, el 463\/97-B emitido por la Consejer\u00eda de Educaci\u00f3n, que establece las obligaciones de los docentes de suministrar medicamentos a los alumnos<\/strong> en caso de urgencia m\u00e9dica, as\u00ed como de garantizar su integridad personal durante la jornada escolar. El mismo informe, que no fue trasladado a reglamento o norma alguna hasta la fecha, resalta la ausencia de normativa espec\u00edfica al respecto.<\/p>\n<p>Por todo ello Defensa Ciudadana Activa <strong>espera que las administraciones tomen cartas en el asunto y definan la forma de actuar en estas situaciones,<\/strong> evitando perjuicios a las familias y tr\u00e1mites administrativos innecesarios.<\/p>\n<p><a href=\"https:\/\/democraciaactiva.eu\/wp-content\/uploads\/2014\/10\/Doc-8-Noticia-Diario-Sur.jpg\"><img decoding=\"async\" loading=\"lazy\" class=\"aligncenter size-medium wp-image-598\" src=\"https:\/\/democraciaactiva.eu\/wp-content\/uploads\/2014\/10\/Doc-8-Noticia-Diario-Sur-300x210.jpg\" alt=\"Doc 8 Noticia Diario Sur\" width=\"300\" height=\"210\" \/><\/a> <\/p>\n","protected":false},"excerpt":{"rendered":"<div class=\"mh-excerpt\"><p>Tras informar el a\u00f1o pasado al Defensor del Pueblo sobre la situaci\u00f3n que padec\u00edan escolares diab\u00e9ticos por la falta de regulaci\u00f3n, DCA insistir\u00e1 a la <a class=\"mh-excerpt-more\" href=\"https:\/\/democraciaactiva.eu\/?p=597\" title=\"Piden regular los protocolos para escolares diab\u00e9ticos.\">[&#8230;]<\/a><\/p>\n<\/div>","protected":false},"author":1,"featured_media":0,"comment_status":"open","ping_status":"open","sticky":false,"template":"","format":"standard","meta":[],"categories":[12],"tags":[],"_links":{"self":[{"href":"https:\/\/democraciaactiva.eu\/index.php?rest_route=\/wp\/v2\/posts\/597"}],"collection":[{"href":"https:\/\/democraciaactiva.eu\/index.php?rest_route=\/wp\/v2\/posts"}],"about":[{"href":"https:\/\/democraciaactiva.eu\/index.php?rest_route=\/wp\/v2\/types\/post"}],"author":[{"embeddable":true,"href":"https:\/\/democraciaactiva.eu\/index.php?rest_route=\/wp\/v2\/users\/1"}],"replies":[{"embeddable":true,"href":"https:\/\/democraciaactiva.eu\/index.php?rest_route=%2Fwp%2Fv2%2Fcomments&post=597"}],"version-history":[{"count":0,"href":"https:\/\/democraciaactiva.eu\/index.php?rest_route=\/wp\/v2\/posts\/597\/revisions"}],"wp:attachment":[{"href":"https:\/\/democraciaactiva.eu\/index.php?rest_route=%2Fwp%2Fv2%2Fmedia&parent=597"}],"wp:term":[{"taxonomy":"category","embeddable":true,"href":"https:\/\/democraciaactiva.eu\/index.php?rest_route=%2Fwp%2Fv2%2Fcategories&post=597"},{"taxonomy":"post_tag","embeddable":true,"href":"https:\/\/democraciaactiva.eu\/index.php?rest_route=%2Fwp%2Fv2%2Ftags&post=597"}],"curies":[{"name":"wp","href":"https:\/\/api.w.org\/{rel}","templated":true}]}}