{"id":593,"date":"2014-10-11T17:27:13","date_gmt":"2014-10-11T16:27:13","guid":{"rendered":"http:\/\/democraciaactiva.eu\/?p=593"},"modified":"2014-10-11T17:27:13","modified_gmt":"2014-10-11T16:27:13","slug":"san-roque-promete-eliminar-dos-barreras-arquitectonicas","status":"publish","type":"post","link":"https:\/\/democraciaactiva.eu\/?p=593","title":{"rendered":"San Roque promete eliminar dos barreras arquitect\u00f3nicas."},"content":{"rendered":"<p>El Ayuntamiento de San Roque ha comunicado <a href=\"http:\/\/www.sanroque.es\/content\/el-ayuntamiento-pide-100000-euros-para-los-ascensores-del-palacio-y-del-centro-m-dico-de\" target=\"_blank\">la solicitud de una subvenci\u00f3n para adaptar el edificio donde actualmente se celebran los plenos<\/a>, que en contra de la normativa vigente no es la Casa Consistorial y resulta totalmente inaccesible, y un centro m\u00e9dico del municipio.<\/p>\n<p>La noticia <strong>viene precedida por las solicitudes que, <a href=\"https:\/\/democraciaactiva.eu\/?p=349\" target=\"_blank\">entre otros desde Defensa Ciudadana Activa<\/a>, se han venido realizado para que los plenos sean realmente p\u00fablicos<\/strong>. No obstante, desde la Alcald\u00eda se ha negado respuesta a esta organizaci\u00f3n, y la subvenci\u00f3n anunciada no aparece entre las aprobadas por la Diputaci\u00f3n Provincial el pasado 1 de octubre, por lo que debe ser muy reciente.<a href=\"https:\/\/democraciaactiva.eu\/wp-content\/uploads\/2014\/08\/Barreras2_P\u00e1gina_1.jpg\"><img decoding=\"async\" loading=\"lazy\" class=\"aligncenter size-medium wp-image-384\" src=\"https:\/\/democraciaactiva.eu\/wp-content\/uploads\/2014\/08\/Barreras2_P\u00e1gina_1-212x300.jpg\" alt=\"Barreras2_P\u00e1gina_1\" width=\"212\" height=\"300\" \/><\/a><\/p>\n<p>De este modo,<strong> la promesa de reformas se une a otras, como la del registro telem\u00e1tico del 2.013,<\/strong> sin ninguna garant\u00eda de que se cumplan y, en el mejor de los casos, entre adjudicaciones, licitaciones, reformas, etc, podr\u00edan pasar a\u00f1os antes de verlo concluido.<\/p>\n<p>Por ello iniciaremos el estudio de los tr\u00e1mites para, una vez tomada por desistida la solicitud por silencio administrativo, iniciar el procedimiento de reclamaci\u00f3n contencioso-administrativo para exigir el cumplimiento de la Legislaci\u00f3n.<\/p>\n<p>Debemos recordar que el Ayuntamiento que ahora aboga por eliminar barreras en el edificio donde obliga a la celebraci\u00f3n de los plenos ha recibido m\u00faltiples quejas por su falta de respeto a la normativa, incluyendo la<strong> negativa a ampliar el n\u00famero de Plazas para Movilidad Reducida existente (s\u00f3lo tiene un 5% del n\u00famero legal seg\u00fan la normativa vigente).<\/strong><\/p>\n<p>En cualquier caso, esperamos que puedan instalarse medidas t\u00e9cnicas de ayuda a la accesibilidad en todos los edificios p\u00fablicos que los precisen, aunque<strong> seguiremos denunciando el traslado de servicios b\u00e1sicos a ellos mientras no sean accesibles.<\/strong><\/p>\n<p>&nbsp;<\/p>\n<p><a href=\"https:\/\/democraciaactiva.eu\/wp-content\/uploads\/2014\/07\/Barreras-San-Roque-3.jpg\"><img decoding=\"async\" loading=\"lazy\" class=\"aligncenter size-medium wp-image-350\" src=\"https:\/\/democraciaactiva.eu\/wp-content\/uploads\/2014\/07\/Barreras-San-Roque-3-225x300.jpg\" alt=\"Acceso Plenos San Roque\" width=\"225\" height=\"300\" \/><\/a> <\/p>\n","protected":false},"excerpt":{"rendered":"<div class=\"mh-excerpt\"><p>El Ayuntamiento de San Roque ha comunicado la solicitud de una subvenci\u00f3n para adaptar el edificio donde actualmente se celebran los plenos, que en contra <a class=\"mh-excerpt-more\" href=\"https:\/\/democraciaactiva.eu\/?p=593\" title=\"San Roque promete eliminar dos barreras arquitect\u00f3nicas.\">[&#8230;]<\/a><\/p>\n<\/div>","protected":false},"author":1,"featured_media":0,"comment_status":"open","ping_status":"open","sticky":false,"template":"","format":"standard","meta":[],"categories":[12],"tags":[],"_links":{"self":[{"href":"https:\/\/democraciaactiva.eu\/index.php?rest_route=\/wp\/v2\/posts\/593"}],"collection":[{"href":"https:\/\/democraciaactiva.eu\/index.php?rest_route=\/wp\/v2\/posts"}],"about":[{"href":"https:\/\/democraciaactiva.eu\/index.php?rest_route=\/wp\/v2\/types\/post"}],"author":[{"embeddable":true,"href":"https:\/\/democraciaactiva.eu\/index.php?rest_route=\/wp\/v2\/users\/1"}],"replies":[{"embeddable":true,"href":"https:\/\/democraciaactiva.eu\/index.php?rest_route=%2Fwp%2Fv2%2Fcomments&post=593"}],"version-history":[{"count":0,"href":"https:\/\/democraciaactiva.eu\/index.php?rest_route=\/wp\/v2\/posts\/593\/revisions"}],"wp:attachment":[{"href":"https:\/\/democraciaactiva.eu\/index.php?rest_route=%2Fwp%2Fv2%2Fmedia&parent=593"}],"wp:term":[{"taxonomy":"category","embeddable":true,"href":"https:\/\/democraciaactiva.eu\/index.php?rest_route=%2Fwp%2Fv2%2Fcategories&post=593"},{"taxonomy":"post_tag","embeddable":true,"href":"https:\/\/democraciaactiva.eu\/index.php?rest_route=%2Fwp%2Fv2%2Ftags&post=593"}],"curies":[{"name":"wp","href":"https:\/\/api.w.org\/{rel}","templated":true}]}}