{"id":589,"date":"2014-12-12T12:24:51","date_gmt":"2014-12-12T11:24:51","guid":{"rendered":"http:\/\/democraciaactiva.eu\/?p=589"},"modified":"2014-12-12T12:24:51","modified_gmt":"2014-12-12T11:24:51","slug":"protocolos-para-pedir-un-cafe-en-san-roque","status":"publish","type":"post","link":"https:\/\/democraciaactiva.eu\/?p=589","title":{"rendered":"Protocolo para tomar un caf\u00e9 en San Roque."},"content":{"rendered":"<p style=\"text-align: justify;\">Cada vez que las elecciones se acercan los pol\u00edticos nos vienen de nuevo con \u00abofertas\u00bb a la ciudadan\u00eda. En poco nos cuentan a cuantos centenares o miles de ciudadanos han atendido, aunque nunca o muy rara vez dicen en qu\u00e9 consiste esa atenci\u00f3n. <strong>Una parte la tenemos clara: hay que sacar foto del momento y publicarla en prensa<\/strong>, y si es con un colectivo mejor.<\/p>\n<p style=\"text-align: justify;\">En nuestro caso solicitamos al poco de nuestra creaci\u00f3n una reuni\u00f3n con el Alcalde, <strong>que ahora parece que se llama \u00abtomar un caf\u00e9\u00bb<\/strong>, a la cual no se present\u00f3, deriv\u00e1ndonos tras casi una hora de espera a su \u00abAsesor Jur\u00eddico\u00bb. Tras esta reuni\u00f3n sin respuesta solicitamos por escrito una nueva cita, al objeto de exponer nuestras peticiones. <strong>Tal vez debimos pedirle un caf\u00e9, que es la forma adecuada de dirigirse a los representantes p\u00fablicos por lo visto, porque la respuesta que obtuvimos no parece f\u00e1cil de traducir.<\/strong><\/p>\n<p style=\"text-align: justify;\">Por ello, solicitamos la cita nuevamente por escrito, como marcan los c\u00e1nones, el 27 de septiembre de 2.013, <strong>resaltando el hecho de que no acudiera el Alcalde a la cita anterior que nos concedi\u00f3.<br \/>\n<\/strong><\/p>\n<p style=\"text-align: justify;\"><a href=\"https:\/\/democraciaactiva.eu\/wp-content\/uploads\/2014\/10\/S13023.jpg\"><img decoding=\"async\" loading=\"lazy\" class=\"aligncenter size-medium wp-image-590\" src=\"https:\/\/democraciaactiva.eu\/wp-content\/uploads\/2014\/10\/S13023-212x300.jpg\" alt=\"S13023\" width=\"212\" height=\"300\" \/><\/a>La respuesta, <strong>aunque no se incluye en ninguna de sus funciones seg\u00fan el Estatuto B\u00e1sico del Empleado P\u00fablico,<\/strong> vino de la Secretar\u00eda General,\u00a0o Alcaldesa en la pr\u00e1ctica, quien al parecer debe ser consultada para tomar cualquier decisi\u00f3n. Seg\u00fan esta respuesta, <strong>faltaba un nombre bajo la firma, y no se puede reunir con una Asociaci\u00f3n si falta ese detalle&#8230;<\/strong> No importa que tengan todos los datos de la Junta Directiva, direcciones y hasta tel\u00e9fonos, hay que seguir el estricto protocolo antes de poder \u00abtomarse un caf\u00e9\u00bb&#8230;<strong> <a href=\"https:\/\/democraciaactiva.eu\/wp-content\/uploads\/2014\/12\/E13006.jpg\"><img decoding=\"async\" loading=\"lazy\" class=\"aligncenter size-medium wp-image-668\" src=\"https:\/\/democraciaactiva.eu\/wp-content\/uploads\/2014\/12\/E13006-212x300.jpg\" alt=\"E13006\" width=\"212\" height=\"300\" \/><\/a><br \/>\n<\/strong><\/p>\n<p style=\"text-align: justify;\">L\u00f3gicamente, fue f\u00e1cil responder por parte del miembro de la Junta Directiva que pudo antes, recurriendo la decisi\u00f3n de no darnos cita, aunque no indicamos qu\u00e9 tipo de caf\u00e9 quer\u00edamos&#8230;<br \/>\n<a href=\"https:\/\/democraciaactiva.eu\/wp-content\/uploads\/2014\/12\/S13039_P\u00e1gina_1.jpg\"><img decoding=\"async\" loading=\"lazy\" class=\"aligncenter size-medium wp-image-670\" src=\"https:\/\/democraciaactiva.eu\/wp-content\/uploads\/2014\/12\/S13039_P\u00e1gina_1-212x300.jpg\" alt=\"S13039_P\u00e1gina_1\" width=\"212\" height=\"300\" \/><\/a><a href=\"https:\/\/democraciaactiva.eu\/wp-content\/uploads\/2014\/12\/S13039_P\u00e1gina_2.jpg\"><img decoding=\"async\" loading=\"lazy\" class=\"aligncenter size-medium wp-image-669\" src=\"https:\/\/democraciaactiva.eu\/wp-content\/uploads\/2014\/12\/S13039_P\u00e1gina_2-212x300.jpg\" alt=\"S13039_P\u00e1gina_2\" width=\"212\" height=\"300\" \/><\/a> Tras este recurso el Sr. Alcalde ya s\u00ed se dign\u00f3 contestar personalmente, mediante Decreto, su negativa a citarnos (no le apetecer\u00eda un caf\u00e9 ese d\u00eda), porque por lo visto no considera que el Secretario sea quien debe pedirle la cita&#8230; <strong>curioso que su Secretaria pueda responder a todo pero el nuestro ni \u00abpedirle un caf\u00e9\u00bb, \u00bfno? <\/strong>Por supuesto nos da un plazo de un mes para recurrir o dos para presentar recurso contencioso-administrativo, como todos los buenos cafeteros saben.<a href=\"https:\/\/democraciaactiva.eu\/wp-content\/uploads\/2014\/12\/E13025_P\u00e1gina_1.jpg\"><img decoding=\"async\" loading=\"lazy\" class=\"aligncenter wp-image-671 size-medium\" src=\"https:\/\/democraciaactiva.eu\/wp-content\/uploads\/2014\/12\/E13025_P\u00e1gina_1-212x300.jpg\" alt=\"E13025_P\u00e1gina_1\" width=\"212\" height=\"300\" \/><\/a><\/p>\n<p style=\"text-align: justify;\">Pero no pasa nada, como buenos cafeteros estamos muy interesados en tener una reuni\u00f3n con la administraci\u00f3n, y aunque en todas las dem\u00e1s no se requiera de tan extenso protocolo, contestamos desde la presidencia, tal como solicita. Eso s\u00ed, <strong>aprovechamos la ocasi\u00f3n tambi\u00e9n para explicarle que quien nos represente lo decidimos nosotros<\/strong>, y est\u00e1 en nuestros Estatutos esa posibilidad (aunque no haya le\u00eddo esa parte).<a href=\"https:\/\/democraciaactiva.eu\/wp-content\/uploads\/2014\/12\/S13091.jpg\"><img decoding=\"async\" loading=\"lazy\" class=\"aligncenter size-medium wp-image-672\" src=\"https:\/\/democraciaactiva.eu\/wp-content\/uploads\/2014\/12\/S13091-212x300.jpg\" alt=\"S13091\" width=\"212\" height=\"300\" \/><\/a><\/p>\n<p style=\"text-align: justify;\">\u00bfSer\u00eda suficiente para que aceptara \u00abese caf\u00e9\u00bb?&#8230; pues no. Las siguientes contestaciones vinieron,\u00a0 sistem\u00e1ticamente a \u00e9sta y todas las peticiones, en el sentido de que <strong>tampoco el Presidente puede pedir nada a este Ilustre Alcalde, porque necesitan un acuerdo expreso de la Junta Directiva y otro de la Asamblea General<\/strong>, nada menos. Lo que cualquiera hace para ir a tomarse un caf\u00e9 en San Roque y nosotros desconoc\u00edamos.\u00a0 <a href=\"https:\/\/democraciaactiva.eu\/wp-content\/uploads\/2014\/12\/E14106_P\u00e1gina_1.jpg\"><img decoding=\"async\" loading=\"lazy\" class=\"aligncenter size-medium wp-image-675\" src=\"https:\/\/democraciaactiva.eu\/wp-content\/uploads\/2014\/12\/E14106_P\u00e1gina_1-212x300.jpg\" alt=\"E14106_P\u00e1gina_1\" width=\"212\" height=\"300\" \/><\/a><a href=\"https:\/\/democraciaactiva.eu\/wp-content\/uploads\/2014\/12\/E14106_P\u00e1gina_2.jpg\"><img decoding=\"async\" loading=\"lazy\" class=\"aligncenter size-medium wp-image-674\" src=\"https:\/\/democraciaactiva.eu\/wp-content\/uploads\/2014\/12\/E14106_P\u00e1gina_2-212x300.jpg\" alt=\"E14106_P\u00e1gina_2\" width=\"212\" height=\"300\" \/><\/a><\/p>\n<p style=\"text-align: justify;\">Es de suponer, que como todos los ciudadanos son tratados por igual, <strong>cualquier sociaci\u00f3n que haya solicitado una cita a la Alcald\u00eda de San Roque habr\u00e1 pasado por este \u00absencillo tr\u00e1mite\u00bb<\/strong>, pero para nosotros la verdad es que en el resto de administraciones, hasta la fecha, las gestiones han sido mucho m\u00e1s sencillas y se atiende a todos los ciudadanos. <strong>Nosotros, despu\u00e9s de conocer los requisitos y el tiempo necesario para ello, entendimos que el \u00abcaf\u00e9 con el Alcalde\u00bb estar\u00eda ya algo frio y no apetec\u00eda demasiado.<\/strong><\/p>\n<p style=\"text-align: justify;\">P.D.: He de reconocer mi culpa. En la \u00faltima Asamblea General no incluimos como punto preferente en el orden del d\u00eda la aprobaci\u00f3n de autorizaci\u00f3n a la presidencia para poder tomarse un caf\u00e9 con el Alcalde, de modo que luego se informara al Registro Nacional de Asociaciones, y se remitiera copia del acuerdo adoptado, previo cotejo con los originales, a la Secretar\u00eda General. Por eso a\u00fan no tenemos su bendici\u00f3n y seguimos tomando Cola Cao.<\/p>\n","protected":false},"excerpt":{"rendered":"<div class=\"mh-excerpt\"><p>Cada vez que las elecciones se acercan los pol\u00edticos nos vienen de nuevo con \u00abofertas\u00bb a la ciudadan\u00eda. En poco nos cuentan a cuantos centenares <a class=\"mh-excerpt-more\" href=\"https:\/\/democraciaactiva.eu\/?p=589\" title=\"Protocolo para tomar un caf\u00e9 en San Roque.\">[&#8230;]<\/a><\/p>\n<\/div>","protected":false},"author":1,"featured_media":0,"comment_status":"open","ping_status":"open","sticky":false,"template":"","format":"standard","meta":[],"categories":[12],"tags":[],"_links":{"self":[{"href":"https:\/\/democraciaactiva.eu\/index.php?rest_route=\/wp\/v2\/posts\/589"}],"collection":[{"href":"https:\/\/democraciaactiva.eu\/index.php?rest_route=\/wp\/v2\/posts"}],"about":[{"href":"https:\/\/democraciaactiva.eu\/index.php?rest_route=\/wp\/v2\/types\/post"}],"author":[{"embeddable":true,"href":"https:\/\/democraciaactiva.eu\/index.php?rest_route=\/wp\/v2\/users\/1"}],"replies":[{"embeddable":true,"href":"https:\/\/democraciaactiva.eu\/index.php?rest_route=%2Fwp%2Fv2%2Fcomments&post=589"}],"version-history":[{"count":0,"href":"https:\/\/democraciaactiva.eu\/index.php?rest_route=\/wp\/v2\/posts\/589\/revisions"}],"wp:attachment":[{"href":"https:\/\/democraciaactiva.eu\/index.php?rest_route=%2Fwp%2Fv2%2Fmedia&parent=589"}],"wp:term":[{"taxonomy":"category","embeddable":true,"href":"https:\/\/democraciaactiva.eu\/index.php?rest_route=%2Fwp%2Fv2%2Fcategories&post=589"},{"taxonomy":"post_tag","embeddable":true,"href":"https:\/\/democraciaactiva.eu\/index.php?rest_route=%2Fwp%2Fv2%2Ftags&post=589"}],"curies":[{"name":"wp","href":"https:\/\/api.w.org\/{rel}","templated":true}]}}