{"id":586,"date":"2014-10-08T11:39:09","date_gmt":"2014-10-08T10:39:09","guid":{"rendered":"http:\/\/democraciaactiva.eu\/?p=586"},"modified":"2014-10-08T11:39:09","modified_gmt":"2014-10-08T10:39:09","slug":"benalmadena-mejora-pasito-a-pasito","status":"publish","type":"post","link":"https:\/\/democraciaactiva.eu\/?p=586","title":{"rendered":"Benalm\u00e1dena mejora, pasito a pasito."},"content":{"rendered":"<p>Recibimos respuesta del Ayuntamiento de Benalm\u00e1dena a las quejas por la <strong>falta de accesibilidad de la zona denominada BenalBeach<\/strong>, donde se encuentran numerosos locales comerciales e incluso un gimnasio, y cuyas plazas para personas con movilidad reducida han sido rodeadas con cadenas.<\/p>\n<p>El Ayuntamiento, tras alcanzar el paso 3 de nuestro protocolo hace tan s\u00f3lo unos d\u00edas, ha remitido su respuesta, por lo que se engloba dentro del periodo de respuesta que podr\u00edamos considerar normal en las administraciones p\u00fablicas (2 meses).<\/p>\n<p>En su escrito nos informan de que <strong>han detectado ausencia de plazas PMR por lo que habilitar\u00e1n 1 m\u00e1s en la entrada a la zona comercial, as\u00ed como que habilitar\u00e1n los pasos de peatones seg\u00fan sus directrices<\/strong>, que imaginamos coincidir\u00e1n con el Decreto 293\/2009 y permitir\u00e1n su uso para sillas de ruedas. Por tanto, aunque no deber\u00eda ser norma el que tengan que insistir terceros para que la administraci\u00f3n haga cumplir la normativa, entendemos que la administraci\u00f3n procede a cumplir con la normativa.<\/p>\n<p>Respecto a la segunda parte de nuestra petici\u00f3n, sobre informaci\u00f3n acerca de los motivos del cierre del acceso y bloqueo con cadenas de las plazas de movilidad reducida dentro del recinto, s\u00f3lo indican que es privado. Efectivamente, es privado, y eso ya lo sab\u00edamos, al igual que los aparcamientos de cientos de superficies comerciales, pero <strong>deben cumplir la la normativa de accesibilidad<\/strong> pese a ello. Por tanto, <strong>pediremos nuevamente la informaci\u00f3n sobre los motivos del cierre del acceso a una zona privada de uso p\u00fablico, con numerosos locales en funcionamiento, as\u00ed como del bloqueo de las plazas de movilidad reducida dentro del recinto.<\/strong><\/p>\n<p><a href=\"https:\/\/democraciaactiva.eu\/wp-content\/uploads\/2014\/10\/E14201.jpg\"><img decoding=\"async\" loading=\"lazy\" class=\"aligncenter size-medium wp-image-587\" src=\"https:\/\/democraciaactiva.eu\/wp-content\/uploads\/2014\/10\/E14201-210x300.jpg\" alt=\"E14201\" width=\"210\" height=\"300\" \/><\/a><\/p>\n<p>Una vez m\u00e1s debemos insistir a los ciudadanos, y <strong>en especial a los miembros de la plataforma Cota Cero<\/strong>, en la necesidad de insistir a las administraciones hasta que el cumplimiento de la normativa de accesibilidad les sea algo instintivo, ya que <strong>la mayor parte de los problemas que se encuentran cada d\u00eda no existir\u00edan si tuvieran un m\u00ednimo de conciencia c\u00edvica y educaci\u00f3n en el respeto a la accesibilidad del pr\u00f3jimo<\/strong>. Puede ser un trabajo duro, pero alguien tiene que hacerlo, as\u00ed que \u00e1nimo que cuanto antes empec\u00e9is antes ver\u00e9is resultados. <\/p>\n","protected":false},"excerpt":{"rendered":"<div class=\"mh-excerpt\"><p>Recibimos respuesta del Ayuntamiento de Benalm\u00e1dena a las quejas por la falta de accesibilidad de la zona denominada BenalBeach, donde se encuentran numerosos locales comerciales <a class=\"mh-excerpt-more\" href=\"https:\/\/democraciaactiva.eu\/?p=586\" title=\"Benalm\u00e1dena mejora, pasito a pasito.\">[&#8230;]<\/a><\/p>\n<\/div>","protected":false},"author":1,"featured_media":0,"comment_status":"open","ping_status":"open","sticky":false,"template":"","format":"standard","meta":[],"categories":[3,5,8],"tags":[],"_links":{"self":[{"href":"https:\/\/democraciaactiva.eu\/index.php?rest_route=\/wp\/v2\/posts\/586"}],"collection":[{"href":"https:\/\/democraciaactiva.eu\/index.php?rest_route=\/wp\/v2\/posts"}],"about":[{"href":"https:\/\/democraciaactiva.eu\/index.php?rest_route=\/wp\/v2\/types\/post"}],"author":[{"embeddable":true,"href":"https:\/\/democraciaactiva.eu\/index.php?rest_route=\/wp\/v2\/users\/1"}],"replies":[{"embeddable":true,"href":"https:\/\/democraciaactiva.eu\/index.php?rest_route=%2Fwp%2Fv2%2Fcomments&post=586"}],"version-history":[{"count":0,"href":"https:\/\/democraciaactiva.eu\/index.php?rest_route=\/wp\/v2\/posts\/586\/revisions"}],"wp:attachment":[{"href":"https:\/\/democraciaactiva.eu\/index.php?rest_route=%2Fwp%2Fv2%2Fmedia&parent=586"}],"wp:term":[{"taxonomy":"category","embeddable":true,"href":"https:\/\/democraciaactiva.eu\/index.php?rest_route=%2Fwp%2Fv2%2Fcategories&post=586"},{"taxonomy":"post_tag","embeddable":true,"href":"https:\/\/democraciaactiva.eu\/index.php?rest_route=%2Fwp%2Fv2%2Ftags&post=586"}],"curies":[{"name":"wp","href":"https:\/\/api.w.org\/{rel}","templated":true}]}}