{"id":582,"date":"2014-10-07T08:28:01","date_gmt":"2014-10-07T07:28:01","guid":{"rendered":"http:\/\/democraciaactiva.eu\/?p=582"},"modified":"2014-10-07T08:28:01","modified_gmt":"2014-10-07T07:28:01","slug":"nueva-vista-con-el-ayuntamiento-de-san-roque","status":"publish","type":"post","link":"https:\/\/democraciaactiva.eu\/?p=582","title":{"rendered":"Nueva vista con el Ayuntamiento de San Roque"},"content":{"rendered":"<p>En la vista celebrada ayer para ejercer nuestro derecho a Rectificaci\u00f3n ante las acusaciones del Ayuntamiento de San Roque qued\u00f3 claro que no se produjo un intento de probar usuarios y contrase\u00f1as, sino que exist\u00eda una vulnerabilidad en la web municipal que DCA encontr\u00f3 e inform\u00f3 de ella. No obstante, al parecer los responsables opinan que si cuatro personas prueban su web se trata de intentos de suplantar la identidad de terceros. Por ello, en caso de que contin\u00faen sin rectificar, deberemos poner los hechos en conocimiento de la Fiscal\u00eda para que comprueben los datos que el Consistorio dice tener.<\/p>\n<p>Publicaci\u00f3n de Viva Andaluc\u00eda de hoy (7-10-14)<\/p>\n<p><a href=\"https:\/\/democraciaactiva.eu\/wp-content\/uploads\/2014\/10\/Nota-DCA.jpg\"><img decoding=\"async\" loading=\"lazy\" class=\"aligncenter size-medium wp-image-583\" src=\"https:\/\/democraciaactiva.eu\/wp-content\/uploads\/2014\/10\/Nota-DCA-300x249.jpg\" alt=\"Nota DCA\" width=\"300\" height=\"249\" \/><\/a> <\/p>\n","protected":false},"excerpt":{"rendered":"<div class=\"mh-excerpt\"><p>En la vista celebrada ayer para ejercer nuestro derecho a Rectificaci\u00f3n ante las acusaciones del Ayuntamiento de San Roque qued\u00f3 claro que no se produjo <a class=\"mh-excerpt-more\" href=\"https:\/\/democraciaactiva.eu\/?p=582\" title=\"Nueva vista con el Ayuntamiento de San Roque\">[&#8230;]<\/a><\/p>\n<\/div>","protected":false},"author":1,"featured_media":0,"comment_status":"open","ping_status":"open","sticky":false,"template":"","format":"standard","meta":[],"categories":[12],"tags":[],"_links":{"self":[{"href":"https:\/\/democraciaactiva.eu\/index.php?rest_route=\/wp\/v2\/posts\/582"}],"collection":[{"href":"https:\/\/democraciaactiva.eu\/index.php?rest_route=\/wp\/v2\/posts"}],"about":[{"href":"https:\/\/democraciaactiva.eu\/index.php?rest_route=\/wp\/v2\/types\/post"}],"author":[{"embeddable":true,"href":"https:\/\/democraciaactiva.eu\/index.php?rest_route=\/wp\/v2\/users\/1"}],"replies":[{"embeddable":true,"href":"https:\/\/democraciaactiva.eu\/index.php?rest_route=%2Fwp%2Fv2%2Fcomments&post=582"}],"version-history":[{"count":0,"href":"https:\/\/democraciaactiva.eu\/index.php?rest_route=\/wp\/v2\/posts\/582\/revisions"}],"wp:attachment":[{"href":"https:\/\/democraciaactiva.eu\/index.php?rest_route=%2Fwp%2Fv2%2Fmedia&parent=582"}],"wp:term":[{"taxonomy":"category","embeddable":true,"href":"https:\/\/democraciaactiva.eu\/index.php?rest_route=%2Fwp%2Fv2%2Fcategories&post=582"},{"taxonomy":"post_tag","embeddable":true,"href":"https:\/\/democraciaactiva.eu\/index.php?rest_route=%2Fwp%2Fv2%2Ftags&post=582"}],"curies":[{"name":"wp","href":"https:\/\/api.w.org\/{rel}","templated":true}]}}