{"id":578,"date":"2014-09-30T05:52:10","date_gmt":"2014-09-30T04:52:10","guid":{"rendered":"http:\/\/democraciaactiva.eu\/?p=578"},"modified":"2014-09-30T05:52:10","modified_gmt":"2014-09-30T04:52:10","slug":"la-delegacion-provincial-de-educacion-sigue-sin-responder-al-contencioso-administrativo","status":"publish","type":"post","link":"https:\/\/democraciaactiva.eu\/?p=578","title":{"rendered":"La Delegaci\u00f3n Provincial de Educaci\u00f3n sigue sin responder al Contencioso-Administrativo."},"content":{"rendered":"<p>La Asociaci\u00f3n Defensa Ciudadana Activa ha comunicado que la Delegaci\u00f3n Territorial de Educaci\u00f3n en C\u00e1diz sigue sin responder al Juzgado de lo Contencioso-Administrativo de C\u00e1diz, donde miembros de esta Asociaci\u00f3n plantearon un procedimiento ante la nula respuesta de la administraci\u00f3n.<\/p>\n<p>Cabe recordar que DCA se quej\u00f3 semanas atr\u00e1s de que la propia Delegaci\u00f3n Territorial certific\u00f3 no haber recibido el recurso que ahora se encuentra en el Juzgado, aunque posteriormente tuvieron que rectificar porque fue entregado por v\u00eda telem\u00e1tica y el sello de entrada es v\u00e1lido a todos los efectos. <strong>\u201cProbablemente hayan pasado dos a\u00f1os sin mirar el registro, o igual lo miraron pero archivaron el documento en la papelera m\u00e1s cercana, como parece hacen con la mayor\u00eda de quejas ciudadanas\u201d<\/strong>, criticaron desde DCA.<\/p>\n<p>Tras dos a\u00f1os desde el recurso presentado en el Juzgado Contencioso Administrativo, \u00e9ste parece haberse cansado de la espera, por lo que <strong>ha emitido un auto por el que otorga diez d\u00edas a la Consejer\u00eda de Educaci\u00f3n y Ciencia para que aporte el expediente, imponiendo en caso contrario multa coercitiva de 300 a 1.202 euros a la autoridad o empleado responsable.<\/strong><\/p>\n<p>Desde DCA se ha valorado muy positivamente la medida, y ha resaltado el hecho de que<strong> las multas coercitivas \u201cse dirijan al verdadero responsable y no a la administraci\u00f3n que pagamos todos.<\/strong> Ya est\u00e1 bien de tirar con p\u00f3lvora ajena, y si un funcionario o autoridad ha pensado que puede tirar a la papelera las quejas y luego que pague otro hay que demostrarle que esa conducta no es admisible en la administraci\u00f3n p\u00fablica.\u201d, denunciaron.<\/p>\n<p>Tras un a\u00f1o de actividad, este mes de septiembre miembros de DCA iniciaron los tr\u00e1mites para un procedimiento contencioso-administrativo contra el Ayuntamiento de San Roque, y a lo largo de octubre esperan completar el resto de los pendientes hasta la fecha. \u201cEsperamos no superar la treintena este a\u00f1o, aunque todo depende de si la administraci\u00f3n cambia de actitud y comienza a responder las peticiones o sigue neg\u00e1ndose como hasta ahora\u201d, manifestaron en relaci\u00f3n al Ayuntamiento de San Roque, contra el que al parecer se dirigir\u00e1n la mayor\u00eda de los procedimientos de este 2.014.<\/p>\n<p>\u201cHasta la fecha seg\u00fan nuestras previsiones ser\u00e1 necesario iniciar uno contra el Ayuntamiento de Algeciras y 27 contra el de San Roque\u201d, finalizaron.<a href=\"https:\/\/democraciaactiva.eu\/wp-content\/uploads\/2014\/09\/140926-Auto-plazo-10-d\u00edas.jpg\"><img decoding=\"async\" loading=\"lazy\" class=\"aligncenter size-medium wp-image-579\" src=\"https:\/\/democraciaactiva.eu\/wp-content\/uploads\/2014\/09\/140926-Auto-plazo-10-d\u00edas-212x300.jpg\" alt=\"140926 Auto plazo 10 d\u00edas\" width=\"212\" height=\"300\" \/><\/a><\/p>\n<p>&nbsp; <\/p>\n","protected":false},"excerpt":{"rendered":"<div class=\"mh-excerpt\"><p>La Asociaci\u00f3n Defensa Ciudadana Activa ha comunicado que la Delegaci\u00f3n Territorial de Educaci\u00f3n en C\u00e1diz sigue sin responder al Juzgado de lo Contencioso-Administrativo de C\u00e1diz, <a class=\"mh-excerpt-more\" href=\"https:\/\/democraciaactiva.eu\/?p=578\" title=\"La Delegaci\u00f3n Provincial de Educaci\u00f3n sigue sin responder al Contencioso-Administrativo.\">[&#8230;]<\/a><\/p>\n<\/div>","protected":false},"author":1,"featured_media":0,"comment_status":"open","ping_status":"open","sticky":false,"template":"","format":"standard","meta":[],"categories":[5],"tags":[],"_links":{"self":[{"href":"https:\/\/democraciaactiva.eu\/index.php?rest_route=\/wp\/v2\/posts\/578"}],"collection":[{"href":"https:\/\/democraciaactiva.eu\/index.php?rest_route=\/wp\/v2\/posts"}],"about":[{"href":"https:\/\/democraciaactiva.eu\/index.php?rest_route=\/wp\/v2\/types\/post"}],"author":[{"embeddable":true,"href":"https:\/\/democraciaactiva.eu\/index.php?rest_route=\/wp\/v2\/users\/1"}],"replies":[{"embeddable":true,"href":"https:\/\/democraciaactiva.eu\/index.php?rest_route=%2Fwp%2Fv2%2Fcomments&post=578"}],"version-history":[{"count":0,"href":"https:\/\/democraciaactiva.eu\/index.php?rest_route=\/wp\/v2\/posts\/578\/revisions"}],"wp:attachment":[{"href":"https:\/\/democraciaactiva.eu\/index.php?rest_route=%2Fwp%2Fv2%2Fmedia&parent=578"}],"wp:term":[{"taxonomy":"category","embeddable":true,"href":"https:\/\/democraciaactiva.eu\/index.php?rest_route=%2Fwp%2Fv2%2Fcategories&post=578"},{"taxonomy":"post_tag","embeddable":true,"href":"https:\/\/democraciaactiva.eu\/index.php?rest_route=%2Fwp%2Fv2%2Ftags&post=578"}],"curies":[{"name":"wp","href":"https:\/\/api.w.org\/{rel}","templated":true}]}}