{"id":563,"date":"2014-09-27T11:53:58","date_gmt":"2014-09-27T10:53:58","guid":{"rendered":"http:\/\/democraciaactiva.eu\/?p=563"},"modified":"2014-09-27T11:53:58","modified_gmt":"2014-09-27T10:53:58","slug":"en-san-roque-comenzaron-el-curso-con-los-deberes-por-hacer","status":"publish","type":"post","link":"https:\/\/democraciaactiva.eu\/?p=563","title":{"rendered":"San Roque sigue sin cumplir la Ley de acceso electr\u00f3nico de los ciudadanos a los Servicios P\u00fablicos."},"content":{"rendered":"<p>El Ayuntamiento de San Roque ha aprobado al parecer inicialmente sus presupuestos para 2.015. El a\u00f1o pasado se presentaron varias reclamaciones, entre ellas las de esta Asociaci\u00f3n por<strong> no respetar la Disposici\u00f3n final tercera de la Ley 11\/2007, de 22 de junio, de acceso electr\u00f3nico de los ciudadanos a los Servicios P\u00fablicos<\/strong>, que en sus apartados 4 y 5 nos indica que:<\/p>\n<p>\u00ab<b>4.<\/b> En el \u00e1mbito de las Entidades que integran la Administraci\u00f3n Local, <strong>los derechos reconocidos en el art\u00edculo 6 de la presente ley podr\u00e1n ser ejercidos en relaci\u00f3n con la totalidad de los procedimientos y actuaciones de su competencia a partir del 31 de diciembre de 2009<\/strong> siempre que lo permitan sus disponibilidades presupuestarias. A estos efectos las Diputaciones Provinciales, o en su caso los Cabildos y Consejos Insulares u otros organismos supramunicipales, podr\u00e1n prestar los servicios precisos para garantizar tal efectividad en el \u00e1mbito de los municipios que no dispongan de los medios t\u00e9cnicos y organizativos necesarios para prestarlos.<\/p>\n<p><b> 5. <\/b> Las Comunidades Aut\u00f3nomas y las Entidades integradas en la Administraci\u00f3n Local <strong>en las que no puedan ser ejercidos a partir del 31 de diciembre de 2009<\/strong> los derechos reconocidos en el art\u00edculo 6 de la presente Ley, en relaci\u00f3n con la totalidad de los procedimientos y actuaciones de su competencia, <strong>deber\u00e1n aprobar y hacer p\u00fablicos los programas y calendarios de trabajo precisos para ello, atendiendo a las respectivas previsiones presupuestarias, con menci\u00f3n particularizada de las fases en las que los diversos derechos ser\u00e1n exigibles por los ciudadanos.\u00bb<\/strong><\/p>\n<p>\u00bfQu\u00e9 quiere esto decir? Pues que desde el 2.010 deber\u00edamos poder comunicarnos con las administraciones locales telem\u00e1ticamente, sin perder horas de trabajo ni hacer kil\u00f3metros o esperar horas en una ventanilla. \u00bfLo cumplen?&#8230; muy poquitas y de forma algo chapucera, la verdad. En el caso de San Roque no lo cumpl\u00eda y <strong>tras nuestras reclamaciones de agosto de 2.013 al menos implantaron los registros locales que no exist\u00edan hasta la fecha<\/strong> (luego vino la edil a ponerse la medalla de turno, l\u00f3gicamente).<\/p>\n<p>En el mismo acto de imposici\u00f3n de medallas, tambi\u00e9n conocido como rueda de prensa, se alarde\u00f3 de que \u00ab<a title=\"Nota de Prensa\" href=\"http:\/\/www.sanroque.es\/content\/el-ayuntamiento-implementa-servicios-para-ahorrar-desplazamientos-los-vecinos-en-sus\" target=\"_blank\">a partir del pr\u00f3ximo lunes comenzar\u00e1 a funcionar en periodo de pruebas un servicio para la gesti\u00f3n telem\u00e1tica de documentos<\/a>. Nuestro objetivo es que, tras detectar posibles fallos y subsanarlos, este servicio funcione ya al cien por cien a partir del 1 de enero de 2014\u201d. Ese lunes era 25 de noviembre, pero no les dio tiempo. Dos d\u00edas m\u00e1s tarde probamos una web que supon\u00edamos era la indicada y <a title=\"Fallo web San Roque\" href=\"http:\/\/www.sanropolis.com\/defensa-ciudadana-denuncia-fallos-de-seguridad-en-la-web-municipal\/\" target=\"_blank\">detectamos graves fallos de seguridad en la misma.<\/a><\/p>\n<p><a href=\"https:\/\/democraciaactiva.eu\/wp-content\/uploads\/2014\/09\/Acceso-a-Mi-Ayuntamiento.bmp\"><img decoding=\"async\" loading=\"lazy\" class=\"aligncenter  wp-image-565\" src=\"https:\/\/democraciaactiva.eu\/wp-content\/uploads\/2014\/09\/Acceso-a-Mi-Ayuntamiento.bmp\" alt=\"Acceso a Mi Ayuntamiento\" width=\"760\" height=\"343\" \/><\/a><\/p>\n<p>La respuesta municipal no fue precisamente la de dar las gracias por el aviso, sino <a title=\"Denuncia contra DCA\" href=\"http:\/\/www.sanropolis.com\/el-ayuntamiento-denunciara-a-dca-por-suplantar-la-identidad-de-un-trabajador-municipal\/\" target=\"_blank\">amenazar con una denuncia que nunca se produjo<\/a> y, al parecer, cancelar el programa de gesti\u00f3n telem\u00e1tica del Ayuntamiento, si es que alg\u00fan d\u00eda existi\u00f3 ya que llevan a\u00f1os diciendo que hay una empresa contratada para tal fin.<\/p>\n<p>Como resultado de ello, de esa gesti\u00f3n telem\u00e1tica que entrar\u00eda en funcionamiento al 100% el 1 de enero de 2.014 no se sabe nada diez meses despu\u00e9s. Por eso d\u00eda de hoy el Ayuntamiento de San Roque sigue con los deberes por hacer, presumiendo de super\u00e1vit en prensa mientras la intervenci\u00f3n de fondos alega que no hay presupuesto para cumplir la legalidad en cuanto al acceso electr\u00f3nico de los ciudadanos a los Servicios P\u00fablicos.<\/p>\n<p>Pues l\u00e9anse la norma: <strong>si no hay presupuesto hay que aprobar y hacer p\u00fablico un programa y calendario de trabajo, pero no ahora, ya desde el 2.010,<\/strong> as\u00ed que p\u00f3nganse a hacer los deberes, y faciliten de verdad los tr\u00e1mites al ciudadano en lugar de \u00abinvitarles\u00bb a pasar por ventanilla cada d\u00eda a verles las caras y de paso hacer campa\u00f1a.<\/p>\n<p><strong>P.D.: Esta norma es de obligado cumplimiento para todas las Entidades Locales, por lo que animamos a cuantos ciudadanos est\u00e9n interesados a presentar recursos a los Presupuestos Generales de sus Ayuntamientos<\/strong> a fin de que la respeten y se permita el acceso electr\u00f3nico de los ciudadanos a los Servicios P\u00fablicos. <strong>Adjuntamos un formato tipo<\/strong>, marcando en rojo los datos personales a completar: <a href=\"https:\/\/democraciaactiva.eu\/wp-content\/uploads\/2014\/09\/C010-Recurso-Presupuestos.doc\">C010 Recurso Presupuestos<\/a><a href=\"https:\/\/democraciaactiva.eu\/wp-content\/uploads\/2014\/09\/C010-Recurso-Presupuestos.jpg\"><img decoding=\"async\" loading=\"lazy\" class=\"aligncenter size-medium wp-image-574\" src=\"https:\/\/democraciaactiva.eu\/wp-content\/uploads\/2014\/09\/C010-Recurso-Presupuestos-212x300.jpg\" alt=\"C010 Recurso Presupuestos\" width=\"212\" height=\"300\" \/><\/a> <\/p>\n","protected":false},"excerpt":{"rendered":"<div class=\"mh-excerpt\"><p>El Ayuntamiento de San Roque ha aprobado al parecer inicialmente sus presupuestos para 2.015. El a\u00f1o pasado se presentaron varias reclamaciones, entre ellas las de <a class=\"mh-excerpt-more\" href=\"https:\/\/democraciaactiva.eu\/?p=563\" title=\"San Roque sigue sin cumplir la Ley de acceso electr\u00f3nico de los ciudadanos a los Servicios P\u00fablicos.\">[&#8230;]<\/a><\/p>\n<\/div>","protected":false},"author":1,"featured_media":0,"comment_status":"open","ping_status":"open","sticky":false,"template":"","format":"standard","meta":[],"categories":[5],"tags":[],"_links":{"self":[{"href":"https:\/\/democraciaactiva.eu\/index.php?rest_route=\/wp\/v2\/posts\/563"}],"collection":[{"href":"https:\/\/democraciaactiva.eu\/index.php?rest_route=\/wp\/v2\/posts"}],"about":[{"href":"https:\/\/democraciaactiva.eu\/index.php?rest_route=\/wp\/v2\/types\/post"}],"author":[{"embeddable":true,"href":"https:\/\/democraciaactiva.eu\/index.php?rest_route=\/wp\/v2\/users\/1"}],"replies":[{"embeddable":true,"href":"https:\/\/democraciaactiva.eu\/index.php?rest_route=%2Fwp%2Fv2%2Fcomments&post=563"}],"version-history":[{"count":0,"href":"https:\/\/democraciaactiva.eu\/index.php?rest_route=\/wp\/v2\/posts\/563\/revisions"}],"wp:attachment":[{"href":"https:\/\/democraciaactiva.eu\/index.php?rest_route=%2Fwp%2Fv2%2Fmedia&parent=563"}],"wp:term":[{"taxonomy":"category","embeddable":true,"href":"https:\/\/democraciaactiva.eu\/index.php?rest_route=%2Fwp%2Fv2%2Fcategories&post=563"},{"taxonomy":"post_tag","embeddable":true,"href":"https:\/\/democraciaactiva.eu\/index.php?rest_route=%2Fwp%2Fv2%2Ftags&post=563"}],"curies":[{"name":"wp","href":"https:\/\/api.w.org\/{rel}","templated":true}]}}