{"id":555,"date":"2014-09-23T13:42:54","date_gmt":"2014-09-23T12:42:54","guid":{"rendered":"http:\/\/democraciaactiva.eu\/?p=555"},"modified":"2014-09-23T13:42:54","modified_gmt":"2014-09-23T12:42:54","slug":"grupos-culturales-o-de-culto","status":"publish","type":"post","link":"https:\/\/democraciaactiva.eu\/?p=555","title":{"rendered":"\u00bfGrupos culturales o de culto?"},"content":{"rendered":"<p>Es la duda que me surge cuando compruebo la cantidad de grupos que, con unas caracter\u00edsticas bastante similares, pululan por nuestros pueblos y ciudades presumiendo de representar a todos los vecinos mientras les discriminan claramente. Recientemente recibimos esta imagen de una compa\u00f1era por<strong> el bloqueo de una Asociaci\u00f3n Ciudadana<\/strong> de uno de estos supuestos grupos de difusi\u00f3n cultural.<\/p>\n<p><a href=\"https:\/\/democraciaactiva.eu\/wp-content\/uploads\/2014\/09\/ESM.jpg\"><img decoding=\"async\" loading=\"lazy\" class=\"aligncenter size-medium wp-image-556\" src=\"https:\/\/democraciaactiva.eu\/wp-content\/uploads\/2014\/09\/ESM-200x300.jpg\" alt=\"ESM\" width=\"200\" height=\"300\" \/><\/a><br \/>\nPor eso como ejemplo voy a utilizar este grupo, plataforma, o como quiera que se consideren, de \u201cEspartinas se mueve\u201d. Un grupo de facebook que, seg\u00fan sus normas es un<strong> sitio web de sociedad\/cultura<\/strong>, seg\u00fan sus propias normas <strong>deber\u00eda ser para todos los ciudadanos, y los motivos de eliminaci\u00f3n de un comentario son claros: insultar o intentar publicitarse.<\/strong><\/p>\n<p>Pues bien, como tantos otros, o tienen un extra\u00f1\u00edsimo concepto de la cultura, o es una gran errata porque realmente quer\u00edan decir culto, y me explico en atenci\u00f3n a sus especiales caracter\u00edsticas.<\/p>\n<p>En estos grupos en cuesti\u00f3n<strong> s\u00f3lo pueden publicitarse actos que no pongan en cuesti\u00f3n al gobierno local<\/strong>. Es una norma no escrita pero muy a tener en cuenta, porque si cualquier acto del que escriban es <strong>cr\u00edtico con el gobierno simplemente ser\u00e1 censurado.<\/strong> Lo mismo ocurre con l@s ciudadan@s o comentarios que no sean de apoyo y culto al gobernante. Podr\u00edan disimular y, como cualquier Asociaci\u00f3n dedicarse s\u00f3lo a quienes comparten su fervor por los gobiernos locales, pero entonces habr\u00eda \u00abfeligreses\u00bb que no entrar\u00edan a su parroquia&#8230;. Por ello podemos decir, con el diccionario de la Real Academia Espa\u00f1ola en la mano, que<strong> sus normas son muestra evidente de su hipocres\u00eda.<\/strong><\/p>\n<p>Como ejemplo, el <strong>reciente bloqueo a la Asociaci\u00f3n Ciudadanos de Espartinas<\/strong> probablemente porque no son precisamente palmeros de la Alcald\u00eda, y en estos \u201cGrupos de culto\u201d no son bienvenidos quienes no participen del pensamiento \u00fanico. No, no busquen en las normas, no aparecer\u00e1, como ya he dicho las normas est\u00e1n destinadas a disimular los verdaderos fines de estas p\u00e1ginas de culto al gobernante para la capataci\u00f3n de feligreses.<\/p>\n<p><strong>\u00bfC\u00f3mo beneficia a la difusi\u00f3n cultural estos bloqueos?, \u00bfacaso fomentan el intercambio de opiniones e informaci\u00f3n?<\/strong> Evidentemente no, porque lo que se pretende es todo lo contrario: <strong>pensamiento \u00fanico y culto al gobernante<\/strong>. Aqu\u00ed no pasa nada, todo va bien, los gobernantes son la repera y quien critique alg\u00fan error es un ignorante que no ve su lado humano\u2026 y alg\u00fan@ hasta se lo creer\u00e1 y todo\u2026<\/p>\n<p>Otro ejemplo ser\u00eda la eliminaci\u00f3n de comentarios que puedan comprometer a los dioses locales. En nuestro caso <strong>preguntamos por la accesibilidad del programa de\u00a0 divervacaciones<\/strong>, y alg\u00fan otro comentario m\u00e1s, sin insultos ni desde luego publicidad, y fueron r\u00e1pidamente eliminados sin respuesta\u2026 \u00bfmotivo?&#8230; no cumplen los aut\u00e9nticos objetivos de la p\u00e1gina: rendir culto al gobernante.<\/p>\n<p>En alguna contada ocasi\u00f3n se deja caer alguna cr\u00edtica suave, pero<strong> siempre que \u00e9sta pueda ser resuelta o no tenga mucho sentido<\/strong>, nunca algo que puedan manchar la imagen del gobernante en estos santos lugares\u2026 Siempre es conveniente por aquello de poder dar una imagen \u201cneutral\u201d. Porque a ver\u2026 \u00bfcu\u00e1ntos post hab\u00e9is visto en esta web o similares que hablen por ejemplo de la labor del resto de representantes p\u00fablicos?, \u00bfacaso no existen o lo que realmente no existe es la pluralidad en estos grupos de culto?<\/p>\n<p>Los gestores de estos grupos son, salvo alguna excepci\u00f3n que he podido ver fuera de Andaluc\u00eda, militantes activos del partido de gobierno, faltar\u00eda m\u00e1s, e incluso reciben contraprestaci\u00f3n econ\u00f3mica del mismo, ya sea directa (<strong>asesores de Alcald\u00eda hay unos cuantos<\/strong> \ud83d\ude09 ) o indirecta, que para eso se crearon las empresas municipales, servicios externos, y un largo etc\u00e9tera donde enchufar al personal para recompensar sus servicios. Incluso, en alg\u00fan caso, les hemos visto ya como (Agentes Locales de Promoci\u00f3n de Empleo que tras una d\u00e9cada haciendo fotos para la revista del partido gobernante, cuando se decide prescindir de sus servicios (cambios de gobierno), <strong>denuncian al Consistorio porque no les han permitido cumplir sus funciones\u2026 \u00bfles obligaron a no trabajar durante una d\u00e9cada y cargar la pesada c\u00e1mara de fotos para la revista del partido?&#8230;<\/strong> hay que echarle morro.<\/p>\n<p>Estos grupitos suelen complementarse con alguna publicaci\u00f3n, igualmente de culto al gobernante, y para eso tenemos \u201cLa Realidad de Espartinas\u201d (Espartinas\u2019s Reality, como les gustar\u00eda a los de S\u00e1lvame), que de forma totalmente an\u00f3nima viene y <strong>sin que sepamos cu\u00e1nto de nuestros impuestos se ha ido para esa campa\u00f1a electoral encubierta<\/strong>, nos machaca nuevamente con los contenidos que el gabinete de propaganda institucional ha preparado para nosotros.<\/p>\n<p>L\u00f3gicamente cada cual es libre de formar uno de estos grupos de culto al gobernante, pero <strong>resulta un insulto a la inteligencia que los llamen de difusi\u00f3n cultural cuando mantienen una pol\u00edtica de exclusi\u00f3n tan evidente\u2026<\/strong> miren ustedes, la banda de m\u00fasica y hasta un club de petanca, los puedo considerar culturales o deportivos, pero un grupito cuyo fin es hacer campa\u00f1a a favor del gobernante, que <strong>discrimina y expulsa a cualquiera que pregunte lo que no les guste o simplemente sea militante de otro partido, y adem\u00e1s luego se dedican a ir con bolsitas buscando el voto de casa en casa<\/strong>, no puedo verlos como culturales sino de culto, como cualquier grupo que trate de seguir adoctrinando a la poblaci\u00f3n de la forma en que siempre han hecho, s\u00f3lo que esta vez mediante las redes sociales.<\/p>\n<p>Por eso estos \u201cgrupos de culto\u201d, aunque haya quien piensa que hacen una labor beneficiosa <strong>perjudican mucho la labor de las dem\u00e1s Asociaciones plurales<\/strong>, estos grupos tratan de fortalecer la imagen de los gobiernos locales <strong>silenciando sus errores<\/strong>, <strong>su funci\u00f3n es hacer suficiente ruido para que no se aprecie el saqueo al que someten al ciudadano<\/strong> y, en todo caso, que se tome incluso como algo necesario. Total, que un Asesor de Alcald\u00eda cobre 20 \u00f3 30 mil euros aunque no sepa ni d\u00f3nde est\u00e1 el Ayuntamiento\u2026 \u00bfpor qu\u00e9 va a ser malo?, si dicen los del grupito de facebook que ma\u00f1ana me arreglan mi bordillo y me ponen unos mariachis en mi puerta para que no me aburra\u2026 el Alcalde lo hace estupendamente.<\/p>\n<p>Siempre han existido grupos de adoctrinamiento, y ahora en las redes sociales son a\u00fan m\u00e1s evidentes, financiados por los mismos a los que apoyan directa o indirectamente, y es que con su silencio, <strong>con su apoyo c\u00f3mplice al saqueo institucional desde las administraciones, con igual o m\u00e1s culpables que aquellos a los que rinden culto<\/strong> desde las redes sociales.<\/p>\n<p>Por eso, aunque estos grupitos tengan mayor financiaci\u00f3n (de nuestros impuestos, adem\u00e1s) y cuenten con el apoyo de sus colegas de partido en los distintos gobiernos, <strong>la labor de ACE como muchas otras es fundamental para seguir construyendo una sociedad plural en la que realmente cuenten todos<\/strong>, sin tanta hipocres\u00eda ni autobombo, simplemente cumpliendo sus fines, para demostrar que a\u00fan hay esp\u00edritus cr\u00edticos que tratan de reconstruir d\u00eda a d\u00eda, pasito a pasito, la sociedad en que vivimos. Unirse al reba\u00f1o no es una opci\u00f3n. <\/p>\n","protected":false},"excerpt":{"rendered":"<div class=\"mh-excerpt\"><p>Es la duda que me surge cuando compruebo la cantidad de grupos que, con unas caracter\u00edsticas bastante similares, pululan por nuestros pueblos y ciudades presumiendo <a class=\"mh-excerpt-more\" href=\"https:\/\/democraciaactiva.eu\/?p=555\" title=\"\u00bfGrupos culturales o de culto?\">[&#8230;]<\/a><\/p>\n<\/div>","protected":false},"author":1,"featured_media":0,"comment_status":"open","ping_status":"open","sticky":false,"template":"","format":"standard","meta":[],"categories":[12],"tags":[],"_links":{"self":[{"href":"https:\/\/democraciaactiva.eu\/index.php?rest_route=\/wp\/v2\/posts\/555"}],"collection":[{"href":"https:\/\/democraciaactiva.eu\/index.php?rest_route=\/wp\/v2\/posts"}],"about":[{"href":"https:\/\/democraciaactiva.eu\/index.php?rest_route=\/wp\/v2\/types\/post"}],"author":[{"embeddable":true,"href":"https:\/\/democraciaactiva.eu\/index.php?rest_route=\/wp\/v2\/users\/1"}],"replies":[{"embeddable":true,"href":"https:\/\/democraciaactiva.eu\/index.php?rest_route=%2Fwp%2Fv2%2Fcomments&post=555"}],"version-history":[{"count":0,"href":"https:\/\/democraciaactiva.eu\/index.php?rest_route=\/wp\/v2\/posts\/555\/revisions"}],"wp:attachment":[{"href":"https:\/\/democraciaactiva.eu\/index.php?rest_route=%2Fwp%2Fv2%2Fmedia&parent=555"}],"wp:term":[{"taxonomy":"category","embeddable":true,"href":"https:\/\/democraciaactiva.eu\/index.php?rest_route=%2Fwp%2Fv2%2Fcategories&post=555"},{"taxonomy":"post_tag","embeddable":true,"href":"https:\/\/democraciaactiva.eu\/index.php?rest_route=%2Fwp%2Fv2%2Ftags&post=555"}],"curies":[{"name":"wp","href":"https:\/\/api.w.org\/{rel}","templated":true}]}}