{"id":551,"date":"2014-09-19T10:39:00","date_gmt":"2014-09-19T09:39:00","guid":{"rendered":"http:\/\/democraciaactiva.eu\/?p=551"},"modified":"2014-09-19T10:39:00","modified_gmt":"2014-09-19T09:39:00","slug":"dca-pedira-la-resolucion-expresa-de-los-expedientes-sobre-grabacion-de-plenos-municipales","status":"publish","type":"post","link":"https:\/\/democraciaactiva.eu\/?p=551","title":{"rendered":"DCA pedir\u00e1 la resoluci\u00f3n expresa de los expedientes sobre grabaci\u00f3n de plenos municipales"},"content":{"rendered":"<p>La Asociaci\u00f3n Defensa Ciudadana Activa <strong>solicitar\u00e1 la resoluci\u00f3n expresa de las reclamaciones <\/strong>realizadas a las distintas ordenanzas municipales que pretend\u00edan regular la grabaci\u00f3n de los plenos municipales.<\/p>\n<p>Municipios como Sanl\u00facar de Guadiana (Huelva) o Espartinas (Sevilla) aprobaron inicialmente ordenanzas que pretend\u00edan limitar el derecho ciudadano a la grabaci\u00f3n de los plenos municipales, presentando esta Asociaci\u00f3n reclamaciones a ambas. Sin embargo, pese al tiempo transcurrido desde que finaliz\u00f3 el periodo de exposici\u00f3n p\u00fablica, no se ha recibido respuesta ni se tiene constancia de que hayan pasado por pleno.<\/p>\n<p>\u00abDespu\u00e9s del coste para las arcas p\u00fablicas de estos expedientes, de que pusieran a trabajar a funcionarios p\u00fablicos, realizaran publicaciones en Boletines Oficiales, e incluso trataran de convencer a los ciudadanos de que no pod\u00edan grabar las sesiones plenarias,<strong> no es de recibo que ahora dejen sin resolver las reclamaciones, hay que ser consecuentes con sus actos y finalizar los expedientes administrativos.<\/strong>\u00ab, criticaron.<\/p>\n<p>Cabe recordar que <strong>no s\u00f3lo los gobiernos municipales eran favorables a imponer limitaciones a la grabaci\u00f3n de sesiones plenarias, sino que contaban en muchos casos con el apoyo de la oposici\u00f3n municipal<\/strong>. \u00abLa t\u00e9cnica del hoy por t\u00ed y ma\u00f1ana por m\u00ed les obliga a hacer pi\u00f1a en situaciones como \u00e9sta, pero como ciudadanos nos es indiferente lo que decidan uno o varios partidos pol\u00edticos, nuestra metodolog\u00eda es la misma.\u00bb, informaron.<\/p>\n<p>Por ello, en breve <strong>se remitir\u00e1n sendas peticiones a ambos Ayuntamientos inst\u00e1ndoles a resolver expr\u00e9samente las reclamaciones<\/strong>, confirmando as\u00ed la \u00abutilidad\u00bb del despliegue administrativo que realizan las entidades locales en su afan por limitar algo que desde DCA se considera un derecho b\u00e1sico del ciudadano, como es la transparencia total en los actos p\u00fablicos.<a href=\"https:\/\/democraciaactiva.eu\/wp-content\/uploads\/2014\/09\/BOP-294-21-12-13-Espartinas.jpg\"><img decoding=\"async\" loading=\"lazy\" class=\"aligncenter size-medium wp-image-552\" src=\"https:\/\/democraciaactiva.eu\/wp-content\/uploads\/2014\/09\/BOP-294-21-12-13-Espartinas-300x111.jpg\" alt=\"BOP 294 21-12-13 Espartinas\" width=\"300\" height=\"111\" \/><\/a> <\/p>\n","protected":false},"excerpt":{"rendered":"<div class=\"mh-excerpt\"><p>La Asociaci\u00f3n Defensa Ciudadana Activa solicitar\u00e1 la resoluci\u00f3n expresa de las reclamaciones realizadas a las distintas ordenanzas municipales que pretend\u00edan regular la grabaci\u00f3n de los <a class=\"mh-excerpt-more\" href=\"https:\/\/democraciaactiva.eu\/?p=551\" title=\"DCA pedir\u00e1 la resoluci\u00f3n expresa de los expedientes sobre grabaci\u00f3n de plenos municipales\">[&#8230;]<\/a><\/p>\n<\/div>","protected":false},"author":1,"featured_media":0,"comment_status":"open","ping_status":"open","sticky":false,"template":"","format":"standard","meta":[],"categories":[5,8],"tags":[],"_links":{"self":[{"href":"https:\/\/democraciaactiva.eu\/index.php?rest_route=\/wp\/v2\/posts\/551"}],"collection":[{"href":"https:\/\/democraciaactiva.eu\/index.php?rest_route=\/wp\/v2\/posts"}],"about":[{"href":"https:\/\/democraciaactiva.eu\/index.php?rest_route=\/wp\/v2\/types\/post"}],"author":[{"embeddable":true,"href":"https:\/\/democraciaactiva.eu\/index.php?rest_route=\/wp\/v2\/users\/1"}],"replies":[{"embeddable":true,"href":"https:\/\/democraciaactiva.eu\/index.php?rest_route=%2Fwp%2Fv2%2Fcomments&post=551"}],"version-history":[{"count":0,"href":"https:\/\/democraciaactiva.eu\/index.php?rest_route=\/wp\/v2\/posts\/551\/revisions"}],"wp:attachment":[{"href":"https:\/\/democraciaactiva.eu\/index.php?rest_route=%2Fwp%2Fv2%2Fmedia&parent=551"}],"wp:term":[{"taxonomy":"category","embeddable":true,"href":"https:\/\/democraciaactiva.eu\/index.php?rest_route=%2Fwp%2Fv2%2Fcategories&post=551"},{"taxonomy":"post_tag","embeddable":true,"href":"https:\/\/democraciaactiva.eu\/index.php?rest_route=%2Fwp%2Fv2%2Ftags&post=551"}],"curies":[{"name":"wp","href":"https:\/\/api.w.org\/{rel}","templated":true}]}}