{"id":531,"date":"2014-09-11T08:21:29","date_gmt":"2014-09-11T07:21:29","guid":{"rendered":"http:\/\/democraciaactiva.eu\/?p=531"},"modified":"2014-09-11T08:21:29","modified_gmt":"2014-09-11T07:21:29","slug":"actos-vandalicos-danan-pmr-en-san-roque","status":"publish","type":"post","link":"https:\/\/democraciaactiva.eu\/?p=531","title":{"rendered":"Actos vand\u00e1licos da\u00f1an PMR en San Roque"},"content":{"rendered":"<p>Tras se\u00f1alizar varias plazas reservadas para personas con movilidad reducida, conforme al Decreto 293\/2009 que regula las normas de accesibilidad en Andaluc\u00eda, se han producido da\u00f1os en una de ellas dej\u00e1ndola inutilizada.<\/p>\n<p>En concreto, <strong>los v\u00e1ndalos han usado pintura gris sobre la se\u00f1alizaci\u00f3n azul pintada por el Ayuntamiento d\u00edas atr\u00e1s<\/strong>, por lo que ahora la reserva resulta totalmente irreconocible.<\/p>\n<p><a href=\"https:\/\/democraciaactiva.eu\/wp-content\/uploads\/2014\/09\/PMR2.jpg\"><img decoding=\"async\" loading=\"lazy\" class=\"aligncenter size-medium wp-image-532\" src=\"https:\/\/democraciaactiva.eu\/wp-content\/uploads\/2014\/09\/PMR2-168x300.jpg\" alt=\"PMR2\" width=\"168\" height=\"300\" \/><\/a><\/p>\n<p>Conforme a la Ley 18\/2009, la alteraci\u00f3n de la se\u00f1alizaci\u00f3n viaria est\u00e1 considerada como infracci\u00f3n muy grave, por lo que en caso de identificarse a los autores de estos actos la sanci\u00f3n podr\u00eda ser, seg\u00fan el art. 67.2.c de la misma, de entre 3.000 y 20.000 euros.<\/p>\n<p>Por ello, desde Defensa Ciudadana Activa se ha instado a la autoridad local a la reposici\u00f3n de la se\u00f1alizaci\u00f3n lo antes posible, de modo que se cumpla la normativa vigente de accesibilidad y, en caso de identificar a los autores de estos actos v\u00e1ndalicos, se inicie procedimiento sancionador contra los mismos. <\/p>\n","protected":false},"excerpt":{"rendered":"<div class=\"mh-excerpt\"><p>Tras se\u00f1alizar varias plazas reservadas para personas con movilidad reducida, conforme al Decreto 293\/2009 que regula las normas de accesibilidad en Andaluc\u00eda, se han producido <a class=\"mh-excerpt-more\" href=\"https:\/\/democraciaactiva.eu\/?p=531\" title=\"Actos vand\u00e1licos da\u00f1an PMR en San Roque\">[&#8230;]<\/a><\/p>\n<\/div>","protected":false},"author":1,"featured_media":0,"comment_status":"open","ping_status":"open","sticky":false,"template":"","format":"standard","meta":[],"categories":[3,5],"tags":[],"_links":{"self":[{"href":"https:\/\/democraciaactiva.eu\/index.php?rest_route=\/wp\/v2\/posts\/531"}],"collection":[{"href":"https:\/\/democraciaactiva.eu\/index.php?rest_route=\/wp\/v2\/posts"}],"about":[{"href":"https:\/\/democraciaactiva.eu\/index.php?rest_route=\/wp\/v2\/types\/post"}],"author":[{"embeddable":true,"href":"https:\/\/democraciaactiva.eu\/index.php?rest_route=\/wp\/v2\/users\/1"}],"replies":[{"embeddable":true,"href":"https:\/\/democraciaactiva.eu\/index.php?rest_route=%2Fwp%2Fv2%2Fcomments&post=531"}],"version-history":[{"count":0,"href":"https:\/\/democraciaactiva.eu\/index.php?rest_route=\/wp\/v2\/posts\/531\/revisions"}],"wp:attachment":[{"href":"https:\/\/democraciaactiva.eu\/index.php?rest_route=%2Fwp%2Fv2%2Fmedia&parent=531"}],"wp:term":[{"taxonomy":"category","embeddable":true,"href":"https:\/\/democraciaactiva.eu\/index.php?rest_route=%2Fwp%2Fv2%2Fcategories&post=531"},{"taxonomy":"post_tag","embeddable":true,"href":"https:\/\/democraciaactiva.eu\/index.php?rest_route=%2Fwp%2Fv2%2Ftags&post=531"}],"curies":[{"name":"wp","href":"https:\/\/api.w.org\/{rel}","templated":true}]}}