{"id":528,"date":"2014-09-07T20:43:26","date_gmt":"2014-09-07T19:43:26","guid":{"rendered":"http:\/\/democraciaactiva.eu\/?p=528"},"modified":"2014-09-07T20:43:26","modified_gmt":"2014-09-07T19:43:26","slug":"la-delegacion-territorial-de-educacion-en-cadiz-lleva-mas-de-dos-anos-sin-revisar-su-registro-de-entrada-telematico","status":"publish","type":"post","link":"https:\/\/democraciaactiva.eu\/?p=528","title":{"rendered":"La Delegaci\u00f3n Territorial de Educaci\u00f3n en C\u00e1diz lleva m\u00e1s de dos a\u00f1os sin revisar su registro de entrada telem\u00e1tico."},"content":{"rendered":"<p><strong>Una cosa es que la administraci\u00f3n vaya despacio, y otra muy distinta que desatienda totalmente sus funciones.<\/strong> Es lo que parece ocurre en la Delegaci\u00f3n Territorial de Educaci\u00f3n, Cultura y Deporte en C\u00e1diz, que <strong>certific\u00f3 el pasado mes de julio que no hab\u00eda recibido un recurso sellado dos a\u00f1os atr\u00e1s.<\/strong> Tras la oportuna reclamaci\u00f3n, la Direcci\u00f3n General de Planificaci\u00f3n y Organizaci\u00f3n de Servicios P\u00fablicos ha confirmado que s\u00ed fue entregado el pol\u00e9mico recurso, pero seg\u00fan informaron <strong>podr\u00eda ser que el funcionario no hubiera revisado su buz\u00f3n digital durante este tiempo<\/strong> y por ello no sab\u00edan que estaba all\u00ed&#8230;. \u00bfy ahora qui\u00e9n es el responsable?, \u00bfqu\u00e9 medida se tomar\u00e1n contra quienes han cobrado durante m\u00e1s de dos a\u00f1os al menos un salario mensual de nuestros impuestos por no cumplir con sus funciones?&#8230; comienza el partido, preparados para el regateo de ventanilla en ventanilla, impresoras cargadas y listas para disparar&#8230;<\/p>\n<p><a href=\"https:\/\/democraciaactiva.eu\/wp-content\/uploads\/2014\/09\/Nota-Prensa-Faro-070914.jpg\"><img decoding=\"async\" loading=\"lazy\" class=\"aligncenter size-medium wp-image-529\" src=\"https:\/\/democraciaactiva.eu\/wp-content\/uploads\/2014\/09\/Nota-Prensa-Faro-070914-213x300.jpg\" alt=\"Nota Prensa Faro 070914\" width=\"213\" height=\"300\" \/><\/a> <\/p>\n","protected":false},"excerpt":{"rendered":"<div class=\"mh-excerpt\"><p>Una cosa es que la administraci\u00f3n vaya despacio, y otra muy distinta que desatienda totalmente sus funciones. Es lo que parece ocurre en la Delegaci\u00f3n <a class=\"mh-excerpt-more\" href=\"https:\/\/democraciaactiva.eu\/?p=528\" title=\"La Delegaci\u00f3n Territorial de Educaci\u00f3n en C\u00e1diz lleva m\u00e1s de dos a\u00f1os sin revisar su registro de entrada telem\u00e1tico.\">[&#8230;]<\/a><\/p>\n<\/div>","protected":false},"author":1,"featured_media":0,"comment_status":"open","ping_status":"open","sticky":false,"template":"","format":"standard","meta":[],"categories":[12],"tags":[],"_links":{"self":[{"href":"https:\/\/democraciaactiva.eu\/index.php?rest_route=\/wp\/v2\/posts\/528"}],"collection":[{"href":"https:\/\/democraciaactiva.eu\/index.php?rest_route=\/wp\/v2\/posts"}],"about":[{"href":"https:\/\/democraciaactiva.eu\/index.php?rest_route=\/wp\/v2\/types\/post"}],"author":[{"embeddable":true,"href":"https:\/\/democraciaactiva.eu\/index.php?rest_route=\/wp\/v2\/users\/1"}],"replies":[{"embeddable":true,"href":"https:\/\/democraciaactiva.eu\/index.php?rest_route=%2Fwp%2Fv2%2Fcomments&post=528"}],"version-history":[{"count":0,"href":"https:\/\/democraciaactiva.eu\/index.php?rest_route=\/wp\/v2\/posts\/528\/revisions"}],"wp:attachment":[{"href":"https:\/\/democraciaactiva.eu\/index.php?rest_route=%2Fwp%2Fv2%2Fmedia&parent=528"}],"wp:term":[{"taxonomy":"category","embeddable":true,"href":"https:\/\/democraciaactiva.eu\/index.php?rest_route=%2Fwp%2Fv2%2Fcategories&post=528"},{"taxonomy":"post_tag","embeddable":true,"href":"https:\/\/democraciaactiva.eu\/index.php?rest_route=%2Fwp%2Fv2%2Ftags&post=528"}],"curies":[{"name":"wp","href":"https:\/\/api.w.org\/{rel}","templated":true}]}}