{"id":520,"date":"2014-09-06T21:28:24","date_gmt":"2014-09-06T20:28:24","guid":{"rendered":"http:\/\/democraciaactiva.eu\/?p=520"},"modified":"2014-09-06T21:28:24","modified_gmt":"2014-09-06T20:28:24","slug":"dca-consulta-por-las-reformas-en-el-centro-deportivo-kabieces-santurtzi","status":"publish","type":"post","link":"https:\/\/democraciaactiva.eu\/?p=520","title":{"rendered":"DCA consulta por las reformas en el Centro Deportivo Kabieces (Santurtzi)"},"content":{"rendered":"<p>El Centro Deportivo Kabieces, en Santurtzi, ha reformado recientemente los aseos, al parecer por un problema de humedades que habr\u00eda ensanchado los bastidores de las puertas. La soluci\u00f3n no ha podido ser m\u00e1s radical, y han cortado los bastidores de modo que, evidentemente, no volver\u00e1n a hincharse, quedando de esta guisa.<\/p>\n<p><a href=\"https:\/\/democraciaactiva.eu\/wp-content\/uploads\/2014\/09\/Foto3.jpg\"><img decoding=\"async\" loading=\"lazy\" class=\"aligncenter size-medium wp-image-521\" src=\"https:\/\/democraciaactiva.eu\/wp-content\/uploads\/2014\/09\/Foto3-225x300.jpg\" alt=\"Foto3\" width=\"225\" height=\"300\" \/><\/a><\/p>\n<p>El problema viene cuando los usuarios, en concreto en el aseo afectado personas con movilidad reducida, comprueban c\u00f3mo aunque cierren la puerta sigue quedando un hueco suficiente para que sean visibles desde el exterior. <strong>\u00bfCumple esto la normativa? Nosotros entendemos que no<\/strong>, al vulnerar el derecho a la intimidad de los usuarios de este Centro Deportivo.<\/p>\n<p><a href=\"https:\/\/democraciaactiva.eu\/wp-content\/uploads\/2014\/09\/Foto1.jpg\"><img decoding=\"async\" loading=\"lazy\" class=\"aligncenter size-medium wp-image-522\" src=\"https:\/\/democraciaactiva.eu\/wp-content\/uploads\/2014\/09\/Foto1-225x300.jpg\" alt=\"Foto1\" width=\"225\" height=\"300\" \/><\/a><\/p>\n<p>Por este motivo <strong>se ha solicitado al Ayuntamiento de Santurtzi informaci\u00f3n sobre estas reformas, esperando que sea un problema temporal<\/strong>, aunque a\u00fan as\u00ed estos servicios deber\u00edan haber sido se\u00f1alizados para que no fueran utilizados, de modo que se evitaran perjuicios a los ciudadanos.<br \/>\nLa queja ha sido remitida tras recibir ciudadanos afectados por la medida contestaciones verbales como \u00abeso no es importante\u00bb, o \u00abesto se queda as\u00ed\u00bb, algo que <strong>de ratificar la entidad local obligar\u00eda a tomar medidas m\u00e1s contundentes contra los responsables.<\/strong><\/p>\n<p><a href=\"https:\/\/democraciaactiva.eu\/wp-content\/uploads\/2014\/09\/01-Formato-Peticiones-DCA_P\u00e1gina_1_resize.jpg\"><img decoding=\"async\" loading=\"lazy\" class=\"aligncenter size-medium wp-image-526\" src=\"https:\/\/democraciaactiva.eu\/wp-content\/uploads\/2014\/09\/01-Formato-Peticiones-DCA_P\u00e1gina_1_resize-212x300.jpg\" alt=\"01 Formato Peticiones DCA_P\u00e1gina_1_resize\" width=\"212\" height=\"300\" \/><\/a><\/p>\n<p>Adem\u00e1s de la petici\u00f3n como Asociaci\u00f3n, se ha remitido a los ciudadanos afectados formato personalizado para que\u00a0 puedan solicitar informaci\u00f3n individualmente, conforme al <a href=\"https:\/\/democraciaactiva.eu\/?p=392\" target=\"_blank\">paso primero de nuestro protocolo de comunicaci\u00f3n con la administraci\u00f3n p\u00fablica.<\/a> <\/p>\n","protected":false},"excerpt":{"rendered":"<div class=\"mh-excerpt\"><p>El Centro Deportivo Kabieces, en Santurtzi, ha reformado recientemente los aseos, al parecer por un problema de humedades que habr\u00eda ensanchado los bastidores de las <a class=\"mh-excerpt-more\" href=\"https:\/\/democraciaactiva.eu\/?p=520\" title=\"DCA consulta por las reformas en el Centro Deportivo Kabieces (Santurtzi)\">[&#8230;]<\/a><\/p>\n<\/div>","protected":false},"author":1,"featured_media":0,"comment_status":"open","ping_status":"open","sticky":false,"template":"","format":"standard","meta":[],"categories":[3],"tags":[],"_links":{"self":[{"href":"https:\/\/democraciaactiva.eu\/index.php?rest_route=\/wp\/v2\/posts\/520"}],"collection":[{"href":"https:\/\/democraciaactiva.eu\/index.php?rest_route=\/wp\/v2\/posts"}],"about":[{"href":"https:\/\/democraciaactiva.eu\/index.php?rest_route=\/wp\/v2\/types\/post"}],"author":[{"embeddable":true,"href":"https:\/\/democraciaactiva.eu\/index.php?rest_route=\/wp\/v2\/users\/1"}],"replies":[{"embeddable":true,"href":"https:\/\/democraciaactiva.eu\/index.php?rest_route=%2Fwp%2Fv2%2Fcomments&post=520"}],"version-history":[{"count":0,"href":"https:\/\/democraciaactiva.eu\/index.php?rest_route=\/wp\/v2\/posts\/520\/revisions"}],"wp:attachment":[{"href":"https:\/\/democraciaactiva.eu\/index.php?rest_route=%2Fwp%2Fv2%2Fmedia&parent=520"}],"wp:term":[{"taxonomy":"category","embeddable":true,"href":"https:\/\/democraciaactiva.eu\/index.php?rest_route=%2Fwp%2Fv2%2Fcategories&post=520"},{"taxonomy":"post_tag","embeddable":true,"href":"https:\/\/democraciaactiva.eu\/index.php?rest_route=%2Fwp%2Fv2%2Ftags&post=520"}],"curies":[{"name":"wp","href":"https:\/\/api.w.org\/{rel}","templated":true}]}}